{"id":2947,"global_id":"svdrevenack.de?id=2947","global_id_lineage":["svdrevenack.de?id=2947"],"author":"1","status":"publish","date":"2026-01-04 16:30:15","date_utc":"2026-01-04 15:30:15","modified":"2026-01-04 16:30:15","modified_utc":"2026-01-04 15:30:15","url":"https:\/\/svdrevenack.de\/?tribe_events=winterfest-2","rest_url":"https:\/\/svdrevenack.de\/index.php?rest_route=\/tribe\/events\/v1\/events\/2947","title":"Winterfest","description":"","excerpt":"","slug":"winterfest-2","image":false,"all_day":true,"start_date":"2026-03-14 00:00:00","start_date_details":{"year":"2026","month":"03","day":"14","hour":"00","minutes":"00","seconds":"00"},"end_date":"2026-03-14 23:59:59","end_date_details":{"year":"2026","month":"03","day":"14","hour":"23","minutes":"59","seconds":"59"},"utc_start_date":"2026-03-13 23:00:00","utc_start_date_details":{"year":"2026","month":"03","day":"13","hour":"23","minutes":"00","seconds":"00"},"utc_end_date":"2026-03-14 22:59:59","utc_end_date_details":{"year":"2026","month":"03","day":"14","hour":"22","minutes":"59","seconds":"59"},"timezone":"Europe\/Berlin","timezone_abbr":"CET","cost":"","cost_details":{"currency_symbol":"$","currency_code":"USD","currency_position":"prefix","values":[]},"website":"","show_map":true,"show_map_link":true,"hide_from_listings":false,"sticky":false,"featured":false,"categories":[{"name":"Allgemein","slug":"allgemein","term_group":0,"term_taxonomy_id":11,"taxonomy":"tribe_events_cat","description":"","parent":0,"count":41,"filter":"raw","id":11,"urls":{"self":"https:\/\/svdrevenack.de\/index.php?rest_route=\/tribe\/events\/v1\/categories\/11","collection":"https:\/\/svdrevenack.de\/index.php?rest_route=\/tribe\/events\/v1\/categories"}}],"tags":[{"name":"Winterfest","slug":"winterfest","term_group":0,"term_taxonomy_id":159,"taxonomy":"post_tag","description":"","parent":0,"count":5,"filter":"raw","id":159,"urls":{"self":"https:\/\/svdrevenack.de\/index.php?rest_route=\/tribe\/events\/v1\/tags\/159","collection":"https:\/\/svdrevenack.de\/index.php?rest_route=\/tribe\/events\/v1\/tags"}}],"venue":{"id":93,"author":"1","status":"publish","date":"2019-03-21 01:37:41","date_utc":"2019-03-21 00:37:41","modified":"2019-03-21 01:37:41","modified_utc":"2019-03-21 00:37:41","url":"https:\/\/svdrevenack.de\/?tribe_venue=schuetzenheim-drevenack","venue":"Sch\u00fctzenheim Drevenack","slug":"schuetzenheim-drevenack","address":"Buschweg 1","city":"H\u00fcnxe","country":"Deutschland","province":"NRW","zip":"46569","stateprovince":"NRW","json_ld":{"@type":"Place","name":"Sch\u00fctzenheim Drevenack","description":"","url":"","address":{"@type":"PostalAddress","streetAddress":"Buschweg 1","addressLocality":"H\u00fcnxe","addressRegion":"NRW","postalCode":"46569","addressCountry":"Deutschland"},"telephone":"","sameAs":""},"show_map":true,"show_map_link":true,"global_id":"svdrevenack.de?id=93","global_id_lineage":["svdrevenack.de?id=93"]},"organizer":[{"id":86,"author":"1","status":"publish","date":"2019-03-21 01:32:24","date_utc":"2019-03-21 00:32:24","modified":"2019-03-21 01:32:24","modified_utc":"2019-03-21 00:32:24","url":"https:\/\/svdrevenack.de\/?tribe_organizer=schuetzenverein-drevenack","organizer":"Sch\u00fctzenverein Drevenack","slug":"schuetzenverein-drevenack","json_ld":{"@type":"Person","name":"Sch\u00fctzenverein Drevenack","description":"","url":"","telephone":"","email":"","sameAs":""},"global_id":"svdrevenack.de?id=86","global_id_lineage":["svdrevenack.de?id=86"]}],"custom_fields":[],"json_ld":{"@context":"http:\/\/schema.org","@type":"Event","name":"Winterfest","description":"","url":"https:\/\/svdrevenack.de\/?tribe_events=winterfest-2","eventAttendanceMode":"https:\/\/schema.org\/OfflineEventAttendanceMode","eventStatus":"https:\/\/schema.org\/EventScheduled","startDate":"2026-03-14T00:00:00+01:00","endDate":"2026-03-14T23:59:59+01:00","location":{"@type":"Place","name":"Sch\u00fctzenheim Drevenack","description":"","url":"","address":{"@type":"PostalAddress","streetAddress":"Buschweg 1","addressLocality":"H\u00fcnxe","addressRegion":"NRW","postalCode":"46569","addressCountry":"Deutschland"},"telephone":"","sameAs":""},"organizer":{"@type":"Person","name":"Sch\u00fctzenverein Drevenack","description":"","url":"","telephone":"","email":"","sameAs":""},"performer":"Organization"}}