{"id":1803,"date":"2019-09-03T09:25:47","date_gmt":"2019-09-03T07:25:47","guid":{"rendered":"http:\/\/svdrevenack.de\/?p=1803"},"modified":"2019-09-03T09:25:47","modified_gmt":"2019-09-03T07:25:47","slug":"traditionelles-preis-und-pokalschiessen-am-07-09-2019","status":"publish","type":"post","link":"https:\/\/svdrevenack.de\/?p=1803","title":{"rendered":"Traditionelles Preis- und Pokalschie\u00dfen am 07.09.2019"},"content":{"rendered":"<div id=\"js_1j4\" class=\"_5pbx userContent _3ds9 _3576\" data-testid=\"post_message\" data-ft=\"{&quot;tn&quot;:&quot;K&quot;}\">\n<p style=\"text-align: center;\"><span style=\"font-size: 12pt;\">Unser Sch\u00fctzenverein veranstaltet am Samstag den 07. September das traditionelle Preis- und Pokalschie\u00dfen f\u00fcr alle Vereinsmitglieder. <\/span><\/p>\n<p style=\"text-align: center;\"><span style=\"font-size: 12pt;\">Hierzu treten die Sch\u00fctzen um 16 Uhr am Vereinslokal Ulrich Vennmann an der Peddenberger Stra\u00dfe in Uniform an und marschieren dann zum Sch\u00fctzenhaus am Buschweg. <\/span><\/p>\n<p style=\"text-align: center;\"><span style=\"font-size: 12pt;\">Geschossen wird in vier Altersklassen: Jugendliche bis 18, Sch\u00fctzen 19-30 Jahre, Sch\u00fctzen von 31-50 Jahre, Sch\u00fctzen 51 und \u00e4lter. <\/span><\/p>\n<p style=\"text-align: center;\"><span style=\"font-size: 12pt;\">Gegen 21:00 Uhr findet die Preisverleihung statt. Im Anschluss startet dann das gem\u00fctliche Beisammensein mit den Sch\u00fctzendamen.<\/span><\/p>\n<p style=\"text-align: center;\">\n<span style=\"font-size: 12pt;\">Der Vorstand w\u00fcrde sich \u00fcber eine rege Teilnahme freuen!<\/span><\/p>\n<\/div>\n","protected":false},"excerpt":{"rendered":"<p>Unser Sch\u00fctzenverein veranstaltet am Samstag den 07. September das traditionelle Preis- und Pokalschie\u00dfen f\u00fcr alle Vereinsmitglieder. Hierzu treten die Sch\u00fctzen um 16 Uhr am Vereinslokal Ulrich Vennmann an der Peddenberger Stra\u00dfe in Uniform an und marschieren dann zum Sch\u00fctzenhaus am Buschweg. Geschossen wird in vier Altersklassen: Jugendliche bis 18, Sch\u00fctzen 19-30 Jahre, Sch\u00fctzen von 31-50 Jahre, Sch\u00fctzen 51 und \u00e4lter.<\/p>\n","protected":false},"author":1,"featured_media":0,"comment_status":"closed","ping_status":"open","sticky":false,"template":"","format":"standard","meta":{"ngg_post_thumbnail":0,"footnotes":""},"categories":[3],"tags":[140,142,141],"class_list":["post-1803","post","type-post","status-publish","format-standard","hentry","category-news","tag-140","tag-pokalshiessen","tag-preisschiessen"],"_links":{"self":[{"href":"https:\/\/svdrevenack.de\/index.php?rest_route=\/wp\/v2\/posts\/1803","targetHints":{"allow":["GET"]}}],"collection":[{"href":"https:\/\/svdrevenack.de\/index.php?rest_route=\/wp\/v2\/posts"}],"about":[{"href":"https:\/\/svdrevenack.de\/index.php?rest_route=\/wp\/v2\/types\/post"}],"author":[{"embeddable":true,"href":"https:\/\/svdrevenack.de\/index.php?rest_route=\/wp\/v2\/users\/1"}],"replies":[{"embeddable":true,"href":"https:\/\/svdrevenack.de\/index.php?rest_route=%2Fwp%2Fv2%2Fcomments&post=1803"}],"version-history":[{"count":1,"href":"https:\/\/svdrevenack.de\/index.php?rest_route=\/wp\/v2\/posts\/1803\/revisions"}],"predecessor-version":[{"id":1804,"href":"https:\/\/svdrevenack.de\/index.php?rest_route=\/wp\/v2\/posts\/1803\/revisions\/1804"}],"wp:attachment":[{"href":"https:\/\/svdrevenack.de\/index.php?rest_route=%2Fwp%2Fv2%2Fmedia&parent=1803"}],"wp:term":[{"taxonomy":"category","embeddable":true,"href":"https:\/\/svdrevenack.de\/index.php?rest_route=%2Fwp%2Fv2%2Fcategories&post=1803"},{"taxonomy":"post_tag","embeddable":true,"href":"https:\/\/svdrevenack.de\/index.php?rest_route=%2Fwp%2Fv2%2Ftags&post=1803"}],"curies":[{"name":"wp","href":"https:\/\/api.w.org\/{rel}","templated":true}]}}