{"id":1806,"date":"2019-09-10T10:59:40","date_gmt":"2019-09-10T08:59:40","guid":{"rendered":"http:\/\/svdrevenack.de\/?p=1806"},"modified":"2019-09-10T10:59:40","modified_gmt":"2019-09-10T08:59:40","slug":"ergebnisse-des-traditionellen-preis-und-pokalschiessens","status":"publish","type":"post","link":"https:\/\/svdrevenack.de\/?p=1806","title":{"rendered":"Ergebnisse des traditionellen Preis- und Pokalschie\u00dfens"},"content":{"rendered":"<p style=\"text-align: center;\"><strong>Am Samstag dem 07. September marschierten unsere Sch\u00fctzen des Sch\u00fctzenvereins Drevenack 1788 e.V. zusammen mit dem Tambourkorps Drevenack, sowie dem Thron mit den Majest\u00e4ten Tanja und Stefan J\u00f6rres, zum allj\u00e4hrlichen Preisschie\u00dfen zum Sch\u00fctzenhaus am Buschweg. <\/strong><\/p>\n<p style=\"text-align: center;\"><strong>Mit dem Kleinkalibergewehr wurden in der Folge die Sieger ermittelt. Den alten Wanderpokal in der Klasse Sch\u00fctzen 18 \u2013 30 Jahre, der nun zum vierten Mal ausgeschossen wurde, erhielt Jonas Ruschke und konnte diesen behalten. <\/strong><\/p>\n<p style=\"text-align: center;\"><strong>Den neuen Pokal konnte Andre H\u00fcfing mit 30 von 30 Ringen f\u00fcr sich gewinnen. <\/strong><\/p>\n<p style=\"text-align: center;\"><strong>Den Pokal der Sch\u00fctzen von 31 bis 50 Jahren bekam Stefan Sondermann mit ebenfalls 30 von 30 Ringen. Den Pokal der Sch\u00fctzen \u00e4lter als 51 Jahre konnte Rolf W\u00fcstmann gewinnen. Der allgemeine Damenpokal ging an Jenny Gangelhoff. <\/strong><\/p>\n<p style=\"text-align: center;\"><strong>Den Pokal der Sportsch\u00fctzinnen errang Tatjana Rittmann.<\/strong><\/p>\n<p style=\"text-align: center;\"><strong>Die Jugendplakette ging an Sebastian Hille. Einen Trostpreis f\u00fcr den schlechtesten Jungsch\u00fctzen erhielt Ludger Suckrau.<\/strong><\/p>\n<p style=\"text-align: center;\"><strong>&nbsp;<\/strong><\/p>\n<p style=\"text-align: center;\"><strong>Zur Preisverleihung durch Pr\u00e4sident Egon Beckmann war das Sch\u00fctzenhaus gut besucht und im Anschluss wurde bei Musik und Tanz ein gem\u00fctlicher Abend mit den Sch\u00fctzendamen verbracht.<\/strong><\/p>\n<p><img fetchpriority=\"high\" decoding=\"async\" class=\"aligncenter size-large wp-image-1807\" src=\"https:\/\/svdrevenack.de\/wp-content\/uploads\/2019\/09\/image1-1024x576.jpeg\" alt=\"\" width=\"860\" height=\"484\" srcset=\"https:\/\/svdrevenack.de\/wp-content\/uploads\/2019\/09\/image1-1024x576.jpeg 1024w, https:\/\/svdrevenack.de\/wp-content\/uploads\/2019\/09\/image1-300x169.jpeg 300w, https:\/\/svdrevenack.de\/wp-content\/uploads\/2019\/09\/image1-768x432.jpeg 768w, https:\/\/svdrevenack.de\/wp-content\/uploads\/2019\/09\/image1.jpeg 1600w\" sizes=\"(max-width: 860px) 100vw, 860px\" \/><\/p>\n","protected":false},"excerpt":{"rendered":"<p>Am Samstag dem 07. September marschierten unsere Sch\u00fctzen des Sch\u00fctzenvereins Drevenack 1788 e.V. zusammen mit dem Tambourkorps Drevenack, sowie dem Thron mit den Majest\u00e4ten Tanja und Stefan J\u00f6rres, zum allj\u00e4hrlichen Preisschie\u00dfen zum Sch\u00fctzenhaus am Buschweg. Mit dem Kleinkalibergewehr wurden in der Folge die Sieger ermittelt. Den alten Wanderpokal in der Klasse Sch\u00fctzen 18 \u2013 30 Jahre, der nun zum vierten<\/p>\n","protected":false},"author":1,"featured_media":0,"comment_status":"closed","ping_status":"open","sticky":false,"template":"","format":"standard","meta":{"ngg_post_thumbnail":0,"footnotes":""},"categories":[3],"tags":[140,143,141],"class_list":["post-1806","post","type-post","status-publish","format-standard","hentry","category-news","tag-140","tag-drevenack","tag-preisschiessen"],"_links":{"self":[{"href":"https:\/\/svdrevenack.de\/index.php?rest_route=\/wp\/v2\/posts\/1806","targetHints":{"allow":["GET"]}}],"collection":[{"href":"https:\/\/svdrevenack.de\/index.php?rest_route=\/wp\/v2\/posts"}],"about":[{"href":"https:\/\/svdrevenack.de\/index.php?rest_route=\/wp\/v2\/types\/post"}],"author":[{"embeddable":true,"href":"https:\/\/svdrevenack.de\/index.php?rest_route=\/wp\/v2\/users\/1"}],"replies":[{"embeddable":true,"href":"https:\/\/svdrevenack.de\/index.php?rest_route=%2Fwp%2Fv2%2Fcomments&post=1806"}],"version-history":[{"count":1,"href":"https:\/\/svdrevenack.de\/index.php?rest_route=\/wp\/v2\/posts\/1806\/revisions"}],"predecessor-version":[{"id":1808,"href":"https:\/\/svdrevenack.de\/index.php?rest_route=\/wp\/v2\/posts\/1806\/revisions\/1808"}],"wp:attachment":[{"href":"https:\/\/svdrevenack.de\/index.php?rest_route=%2Fwp%2Fv2%2Fmedia&parent=1806"}],"wp:term":[{"taxonomy":"category","embeddable":true,"href":"https:\/\/svdrevenack.de\/index.php?rest_route=%2Fwp%2Fv2%2Fcategories&post=1806"},{"taxonomy":"post_tag","embeddable":true,"href":"https:\/\/svdrevenack.de\/index.php?rest_route=%2Fwp%2Fv2%2Ftags&post=1806"}],"curies":[{"name":"wp","href":"https:\/\/api.w.org\/{rel}","templated":true}]}}