{"id":1970,"date":"2020-03-15T00:20:00","date_gmt":"2020-03-14T23:20:00","guid":{"rendered":"http:\/\/svdrevenack.de\/?p=1970"},"modified":"2020-03-20T00:23:51","modified_gmt":"2020-03-19T23:23:51","slug":"zusaetzliche-vereinsinfos-vom-15-03-2020","status":"publish","type":"post","link":"https:\/\/svdrevenack.de\/?p=1970","title":{"rendered":"Zus\u00e4tzliche Vereinsinfos vom 15.03.2020"},"content":{"rendered":"<p style=\"text-align: center;\">Liebe Kameraden und Freunde des Sch\u00fctzenverein Drevenack,<br \/>\nWas wir gerade alle erleben ist beispiellos. Keiner h\u00e4tte sich das alles vorstellen k\u00f6nnen.<br \/>\nOftmals kommt man sich wie in einem Film vor. Aber wir m\u00fcssen damit umgehen.<br \/>\nWie im Prinzip \u00fcberall, ruhen derzeit ALLE Vereinsaktivit\u00e4ten.<br \/>\nSolange seitens der Beh\u00f6rden nichts anderes mitgeteilt wird, wird sich hieran auch nichts \u00e4ndern.<\/p>\n<p style=\"text-align: center;\">Abgesagt wurden unter anderem:<br \/>\n&#8211; Das Traditionspokalschie\u00dfen<br \/>\n&#8211; S\u00e4mtliche Wettk\u00e4mpfe des RSB und DSB<br \/>\n&#8211; Versammlungen jeder Art<\/p>\n<p style=\"text-align: center;\">Und nat\u00fcrlich sind wir jetzt seit Tagen mit der Frage konfrontiert:<br \/>\nWird es dieses Jahr ein Sch\u00fctzenfest geben?<br \/>\nWir k\u00f6nnen Euch versichern: Wir versuchen auf der einen Seite finanziellen Schaden vom Verein<br \/>\nfernzuhalten. Hierzu bem\u00fchen wir uns um Ausk\u00fcnfte. Die Frage lautet ja: Wie sind unsere Miet-<br \/>\nVertr\u00e4ge zu bewerten, wenn diese aufgrund Anordnung gar nicht einhaltbar sind?<br \/>\nAuf der anderen Seite m\u00f6chten wir uns derzeit noch nicht festlegen und eine Absage formulieren.<br \/>\nWir wissen ja schlicht nicht wie sich die Sache entwickelt.<\/p>\n<p style=\"text-align: center;\">Fakt ist aber auch:<br \/>\nNach dem derzeitigen Stand sieht es nat\u00fcrlich schlecht aus.<br \/>\nABER: Es geht hier nur um unsere Freizeitgestaltung \u2013 soviel Herzblut auch immer daran h\u00e4ngen mag.<\/p>\n<p style=\"text-align: center;\"><span style=\"color: #ff0000;\"><strong>Wir appellieren an jeden Einzelnen die angeratenen Verhaltensregeln zu befolgen und aktiv zu helfen,<\/strong><\/span><br \/>\n<span style=\"color: #ff0000;\"><strong>dass sich das Virus so langsam wie m\u00f6glich verbreiten kann.<\/strong><\/span><\/p>\n<p style=\"text-align: center;\">Euer Vorstandsteam<\/p>\n<p>&nbsp;<\/p>\n","protected":false},"excerpt":{"rendered":"<p>Liebe Kameraden und Freunde des Sch\u00fctzenverein Drevenack, Was wir gerade alle erleben ist beispiellos. Keiner h\u00e4tte sich das alles vorstellen k\u00f6nnen. Oftmals kommt man sich wie in einem Film vor. Aber wir m\u00fcssen damit umgehen. Wie im Prinzip \u00fcberall, ruhen derzeit ALLE Vereinsaktivit\u00e4ten. Solange seitens der Beh\u00f6rden nichts anderes mitgeteilt wird, wird sich hieran auch nichts \u00e4ndern. Abgesagt wurden unter<\/p>\n","protected":false},"author":1,"featured_media":0,"comment_status":"closed","ping_status":"open","sticky":false,"template":"","format":"standard","meta":{"ngg_post_thumbnail":0,"footnotes":""},"categories":[3],"tags":[],"class_list":["post-1970","post","type-post","status-publish","format-standard","hentry","category-news"],"_links":{"self":[{"href":"https:\/\/svdrevenack.de\/index.php?rest_route=\/wp\/v2\/posts\/1970","targetHints":{"allow":["GET"]}}],"collection":[{"href":"https:\/\/svdrevenack.de\/index.php?rest_route=\/wp\/v2\/posts"}],"about":[{"href":"https:\/\/svdrevenack.de\/index.php?rest_route=\/wp\/v2\/types\/post"}],"author":[{"embeddable":true,"href":"https:\/\/svdrevenack.de\/index.php?rest_route=\/wp\/v2\/users\/1"}],"replies":[{"embeddable":true,"href":"https:\/\/svdrevenack.de\/index.php?rest_route=%2Fwp%2Fv2%2Fcomments&post=1970"}],"version-history":[{"count":5,"href":"https:\/\/svdrevenack.de\/index.php?rest_route=\/wp\/v2\/posts\/1970\/revisions"}],"predecessor-version":[{"id":1975,"href":"https:\/\/svdrevenack.de\/index.php?rest_route=\/wp\/v2\/posts\/1970\/revisions\/1975"}],"wp:attachment":[{"href":"https:\/\/svdrevenack.de\/index.php?rest_route=%2Fwp%2Fv2%2Fmedia&parent=1970"}],"wp:term":[{"taxonomy":"category","embeddable":true,"href":"https:\/\/svdrevenack.de\/index.php?rest_route=%2Fwp%2Fv2%2Fcategories&post=1970"},{"taxonomy":"post_tag","embeddable":true,"href":"https:\/\/svdrevenack.de\/index.php?rest_route=%2Fwp%2Fv2%2Ftags&post=1970"}],"curies":[{"name":"wp","href":"https:\/\/api.w.org\/{rel}","templated":true}]}}