{"id":2005,"date":"2020-05-12T17:24:52","date_gmt":"2020-05-12T15:24:52","guid":{"rendered":"http:\/\/svdrevenack.de\/?p=2005"},"modified":"2020-05-12T17:24:52","modified_gmt":"2020-05-12T15:24:52","slug":"flagge-zeigen","status":"publish","type":"post","link":"https:\/\/svdrevenack.de\/?p=2005","title":{"rendered":"Flagge zeigen!"},"content":{"rendered":"<p style=\"text-align: center;\">Liebe Sch\u00fctzenbr\u00fcder und Freunde des Vereins,<\/p>\n<p style=\"text-align: center;\">In diesen Tagen w\u00e4re die Hochsaison unseres Sch\u00fctzenjahres in Drevenack gewesen.<\/p>\n<p style=\"text-align: center;\">Vergangenes Wochenende h\u00e4tten wir einen neunen Sch\u00fctzenk\u00f6nig ermittelt, den wir dann am n\u00e4chsten Wochenende mit seiner K\u00f6nigin und den neuen Thronpaaren inthronisiert h\u00e4tten.<\/p>\n<p style=\"text-align: center;\">Uns allen sind die Gr\u00fcnde bekannt, warum es dieses Jahr leider anders ist. Unser altes K\u00f6nigspaar Stefan und Tanja J\u00f6rres und unser Kinderpaar Luke und Lucy Schroeder haben sich aber bereit erkl\u00e4rt mit ihrem Hofstaat noch ein weiteres Jahr als Regenten dem Verein vorzustehen.&nbsp; Hierzu noch einmal herzlichen Dank!<\/p>\n<p style=\"text-align: center;\">Aber auch im Ort wird es in den n\u00e4chsten Tagen doch um einiges ruhiger sein. Kein Zelt, keine Kapelle und kein Spielmannszug, keine verirrten Sch\u00fctzen die den Heimweg nach dem Eierbraten nur mit M\u00fche antreten k\u00f6nnen.&nbsp;<\/p>\n<p style=\"text-align: center;\">Um den Sch\u00fctzengeist nicht ganz aus dem Ort verschwinden zu lassen, ist der Gedanke gekommen doch wenigstens die Sch\u00fctzenfahnen aufzuh\u00e4ngen. Alle Haushalte die \u00fcber eine Fahne verf\u00fcgen, sollen diese an unserem Sch\u00fctzenfest- Wochenende hissen, damit wir zeigen k\u00f6nnen, dass wir trotz Corona-Verboten noch mit der Sch\u00fctzentradition im Ort verbunden sind.<\/p>\n<p style=\"text-align: center;\">So werden diese Sch\u00fctzentage au\u00dfergew\u00f6hnlich ruhig werden und wir freuen uns darauf im n\u00e4chsten Jahr wieder ein richtiges Sch\u00fctzenfest zu feiern!<\/p>\n<p style=\"text-align: center;\">Im diesem Sinne, bleibt gesund!<\/p>\n<p>&nbsp;<\/p>\n<p style=\"text-align: center;\"><img fetchpriority=\"high\" decoding=\"async\" class=\"aligncenter size-large wp-image-1491\" src=\"https:\/\/svdrevenack.de\/wp-content\/uploads\/2019\/05\/DSCN4653-1024x768.jpg\" alt=\"\" width=\"860\" height=\"645\" srcset=\"https:\/\/svdrevenack.de\/wp-content\/uploads\/2019\/05\/DSCN4653-1024x768.jpg 1024w, https:\/\/svdrevenack.de\/wp-content\/uploads\/2019\/05\/DSCN4653-300x225.jpg 300w, https:\/\/svdrevenack.de\/wp-content\/uploads\/2019\/05\/DSCN4653-768x576.jpg 768w\" sizes=\"(max-width: 860px) 100vw, 860px\" \/><\/p>\n","protected":false},"excerpt":{"rendered":"<p>Liebe Sch\u00fctzenbr\u00fcder und Freunde des Vereins, In diesen Tagen w\u00e4re die Hochsaison unseres Sch\u00fctzenjahres in Drevenack gewesen. Vergangenes Wochenende h\u00e4tten wir einen neunen Sch\u00fctzenk\u00f6nig ermittelt, den wir dann am n\u00e4chsten Wochenende mit seiner K\u00f6nigin und den neuen Thronpaaren inthronisiert h\u00e4tten. Uns allen sind die Gr\u00fcnde bekannt, warum es dieses Jahr leider anders ist. Unser altes K\u00f6nigspaar Stefan und Tanja J\u00f6rres<\/p>\n","protected":false},"author":1,"featured_media":0,"comment_status":"closed","ping_status":"open","sticky":false,"template":"","format":"standard","meta":{"ngg_post_thumbnail":0,"footnotes":""},"categories":[3],"tags":[196,195],"class_list":["post-2005","post","type-post","status-publish","format-standard","hentry","category-news","tag-flagge-zeigen","tag-gesundbleiben"],"_links":{"self":[{"href":"https:\/\/svdrevenack.de\/index.php?rest_route=\/wp\/v2\/posts\/2005","targetHints":{"allow":["GET"]}}],"collection":[{"href":"https:\/\/svdrevenack.de\/index.php?rest_route=\/wp\/v2\/posts"}],"about":[{"href":"https:\/\/svdrevenack.de\/index.php?rest_route=\/wp\/v2\/types\/post"}],"author":[{"embeddable":true,"href":"https:\/\/svdrevenack.de\/index.php?rest_route=\/wp\/v2\/users\/1"}],"replies":[{"embeddable":true,"href":"https:\/\/svdrevenack.de\/index.php?rest_route=%2Fwp%2Fv2%2Fcomments&post=2005"}],"version-history":[{"count":1,"href":"https:\/\/svdrevenack.de\/index.php?rest_route=\/wp\/v2\/posts\/2005\/revisions"}],"predecessor-version":[{"id":2006,"href":"https:\/\/svdrevenack.de\/index.php?rest_route=\/wp\/v2\/posts\/2005\/revisions\/2006"}],"wp:attachment":[{"href":"https:\/\/svdrevenack.de\/index.php?rest_route=%2Fwp%2Fv2%2Fmedia&parent=2005"}],"wp:term":[{"taxonomy":"category","embeddable":true,"href":"https:\/\/svdrevenack.de\/index.php?rest_route=%2Fwp%2Fv2%2Fcategories&post=2005"},{"taxonomy":"post_tag","embeddable":true,"href":"https:\/\/svdrevenack.de\/index.php?rest_route=%2Fwp%2Fv2%2Ftags&post=2005"}],"curies":[{"name":"wp","href":"https:\/\/api.w.org\/{rel}","templated":true}]}}