{"id":2039,"date":"2020-08-31T21:13:15","date_gmt":"2020-08-31T19:13:15","guid":{"rendered":"http:\/\/svdrevenack.de\/?p=2039"},"modified":"2020-08-31T21:13:15","modified_gmt":"2020-08-31T19:13:15","slug":"filmabende-im-schuetzenhaus-drevenack","status":"publish","type":"post","link":"https:\/\/svdrevenack.de\/?p=2039","title":{"rendered":"Filmabende im Sch\u00fctzenhaus Drevenack"},"content":{"rendered":"<p style=\"text-align: center;\">Wir planen \u00fcber den Herbst und im Winter immer wieder neue Vorf\u00fchrungen.<\/p>\n<p style=\"text-align: center;\">Zu sehen sind demn\u00e4chst:<\/p>\n<ul style=\"text-align: center;\">\n<li><strong>Sch\u00fctzenfest 1974<\/strong><\/li>\n<li><strong>Sch\u00fctzenfest 1975<\/strong><\/li>\n<li><strong>Sch\u00fctzenfest 1977<\/strong><\/li>\n<\/ul>\n<p style=\"text-align: center;\">Dauer rund 1,5 Stunden.<\/p>\n<p style=\"text-align: center;\"><span style=\"text-decoration: underline;\"><strong>Wichtig:<\/strong><\/span><\/p>\n<p style=\"text-align: center;\">Die Zuschauerzahl ist wegen der Abstandsregelungen auf 25-30 Personen begrenzt!<\/p>\n<p style=\"text-align: center;\">Mund-Nasenschutz nicht vergessen!<\/p>\n<p style=\"text-align: center;\">Anmeldungungen bei Olaf Winterboer unter 02858\/914620.<\/p>\n<p style=\"text-align: center;\">&nbsp;<\/p>\n<p style=\"text-align: center;\"><span style=\"text-decoration: underline; font-size: 14pt;\"><strong>Die ersten Termine:<\/strong><\/span><\/p>\n<p style=\"text-align: center;\"><strong>Montag, 07. September 19:00 Uhr<\/strong><\/p>\n<p style=\"text-align: center;\"><strong>Freitag, 25. September 20:00 Uhr<\/strong><\/p>\n<p style=\"text-align: center;\"><strong>Sonntag, 04. Oktober 14:00 Uhr<\/strong><\/p>\n<p style=\"text-align: center;\">&nbsp;<\/p>\n<p style=\"text-align: center;\">Weitere Termine und andere Filme folgen!<\/p>\n","protected":false},"excerpt":{"rendered":"<p>Wir planen \u00fcber den Herbst und im Winter immer wieder neue Vorf\u00fchrungen. Zu sehen sind demn\u00e4chst: Sch\u00fctzenfest 1974 Sch\u00fctzenfest 1975 Sch\u00fctzenfest 1977 Dauer rund 1,5 Stunden. Wichtig: Die Zuschauerzahl ist wegen der Abstandsregelungen auf 25-30 Personen begrenzt! Mund-Nasenschutz nicht vergessen! Anmeldungungen bei Olaf Winterboer unter 02858\/914620. &nbsp; Die ersten Termine: Montag, 07. September 19:00 Uhr Freitag, 25. September 20:00 Uhr<\/p>\n","protected":false},"author":1,"featured_media":0,"comment_status":"closed","ping_status":"open","sticky":false,"template":"","format":"standard","meta":{"ngg_post_thumbnail":0,"footnotes":""},"categories":[3],"tags":[199,200,201,198,167],"class_list":["post-2039","post","type-post","status-publish","format-standard","hentry","category-news","tag-199","tag-200","tag-201","tag-filmabende","tag-schuetzenfest"],"_links":{"self":[{"href":"https:\/\/svdrevenack.de\/index.php?rest_route=\/wp\/v2\/posts\/2039","targetHints":{"allow":["GET"]}}],"collection":[{"href":"https:\/\/svdrevenack.de\/index.php?rest_route=\/wp\/v2\/posts"}],"about":[{"href":"https:\/\/svdrevenack.de\/index.php?rest_route=\/wp\/v2\/types\/post"}],"author":[{"embeddable":true,"href":"https:\/\/svdrevenack.de\/index.php?rest_route=\/wp\/v2\/users\/1"}],"replies":[{"embeddable":true,"href":"https:\/\/svdrevenack.de\/index.php?rest_route=%2Fwp%2Fv2%2Fcomments&post=2039"}],"version-history":[{"count":1,"href":"https:\/\/svdrevenack.de\/index.php?rest_route=\/wp\/v2\/posts\/2039\/revisions"}],"predecessor-version":[{"id":2040,"href":"https:\/\/svdrevenack.de\/index.php?rest_route=\/wp\/v2\/posts\/2039\/revisions\/2040"}],"wp:attachment":[{"href":"https:\/\/svdrevenack.de\/index.php?rest_route=%2Fwp%2Fv2%2Fmedia&parent=2039"}],"wp:term":[{"taxonomy":"category","embeddable":true,"href":"https:\/\/svdrevenack.de\/index.php?rest_route=%2Fwp%2Fv2%2Fcategories&post=2039"},{"taxonomy":"post_tag","embeddable":true,"href":"https:\/\/svdrevenack.de\/index.php?rest_route=%2Fwp%2Fv2%2Ftags&post=2039"}],"curies":[{"name":"wp","href":"https:\/\/api.w.org\/{rel}","templated":true}]}}