{"id":2071,"date":"2020-10-23T10:44:38","date_gmt":"2020-10-23T08:44:38","guid":{"rendered":"http:\/\/svdrevenack.de\/?p=2071"},"modified":"2020-10-23T10:44:38","modified_gmt":"2020-10-23T08:44:38","slug":"aktuelle-infos-22-10-2020","status":"publish","type":"post","link":"https:\/\/svdrevenack.de\/?p=2071","title":{"rendered":"Aktuelle Infos 22.10.2020"},"content":{"rendered":"<p style=\"text-align: center;\"><span style=\"font-size: 14pt;\">Liebe Vereinsmitglieder,<\/span><\/p>\n<p style=\"text-align: center;\">\n<span style=\"font-size: 14pt;\">das Jahr geht auf die \u201eSchlussrunde\u201c und nach wie vor gibt es kaum ein anderes Thema als Corona \u2013 und das sicherlich zu recht. Das Virus legt uns wieder in allen Bereichen des Lebens Fesseln an und wir m\u00fcssen versuchen bestm\u00f6glich damit umzugehen.<\/span><\/p>\n<p style=\"text-align: center;\">\n<span style=\"font-size: 14pt;\">Als n\u00e4chstes steht am 15. November der Volkstrauertag an. Auch f\u00fcr diesen Tag werden <\/span><span style=\"font-size: 14pt;\">besondere Spielregeln gelten. Die Einladung folgt auf der letzten Seite. Wir treten um 11 Uhr an der Dorfpumpe an. Es steht jedem frei vorab am Gottesdienst teilzunehmen. <\/span><\/p>\n<p style=\"text-align: center;\"><span style=\"font-size: 14pt;\">W\u00e4hrend wir vom Vorstand in der Vergangenheit wert darauf legten, dass Vorstand, Fahne und Standarte in die Kirche gingen, m\u00f6chten wir dies dieses Jahr jedem selber freistellen und niemanden verpflichten. Jedem sei nochmal in Erinnerung gerufen, dass sich Teilnehmer in der Woche vor dem Gottesdienst im Pastorat anmelden m\u00fcssen.<\/span><\/p>\n<p style=\"text-align: center;\">\n<span style=\"font-size: 14pt;\">W\u00e4hrend des Volkstrauertages herrscht w\u00e4hrend der gesamten Veranstaltung die Pflicht eine Alltagsmaske zu tragen. Das Tambourkorps nimmt ohne Instrument \u2013 mit einer <\/span><span style=\"font-size: 14pt;\">Marschtrommel teil. <\/span><\/p>\n<p style=\"text-align: center;\"><span style=\"font-size: 14pt;\">Der Aufenthalt \u201eim Rudel\u201c ist auch an der frischen Luft nicht gestattet.<\/span><br \/>\n<span style=\"font-size: 14pt;\">Es d\u00fcrfen maximal 5 Personen als Gruppe zusammen stehen. Wir m\u00f6chten daher einfach <\/span><span style=\"font-size: 14pt;\">jeden an sein Verantwortungsbewusstsein erinnern und bitten Abstand zu halten.<\/span><\/p>\n<p style=\"text-align: center;\">\n<span style=\"font-size: 14pt;\">Wir ben\u00f6tigen 4 Kranztr\u00e4ger f\u00fcr den Kranz der Drevenacker Vereine und den Kranz der <\/span><span style=\"font-size: 14pt;\">Kriegsgr\u00e4berf\u00fcrsorge.<\/span><\/p>\n<p style=\"text-align: center;\">\n<span style=\"font-size: 14pt;\">Sollte sich am Ablauf des Volkstrauertages etwas \u00e4ndern, werden wir dies auf unserer <\/span><span style=\"font-size: 14pt;\">Homepage (www.svdrevenack.de) und auf facebook ver\u00f6ffentlichen. Wir bitten daher jeden einmal kurz vorher nachzuschauen.<\/span><\/p>\n<p style=\"text-align: center;\">\n<span style=\"font-size: 14pt;\">Nichts desto trotz, vielleicht auch gerade wegen Corona, w\u00fcrden wir uns \u00fcber eine gute <\/span><span style=\"font-size: 14pt;\">Teilnahme freuen!<\/span><\/p>\n<p style=\"text-align: center;\">\n<span style=\"font-size: 14pt;\">Des weiteren steht im November traditionell die erweiterte Vorstandsversammlung an. Auf <\/span><span style=\"font-size: 14pt;\">dieser wird die Generalversammlung vorbereitet. Diese erweiterte Vorstandsversammlung <\/span><span style=\"font-size: 14pt;\">wird in diesem Jahr ausfallen m\u00fcssen. Nach R\u00fccksprache mit dem Ordnungsamt werden wir nur dann eine Versammlung zu Corona Zeiten durchf\u00fchren, wenn dies Satzungsgem\u00e4\u00df <\/span><span style=\"font-size: 14pt;\">vorgeschrieben und im Rahmen von Hygiene zu verantworten ist. Daher f\u00e4llt diese <\/span><span style=\"font-size: 14pt;\">Versammlung in diesem Jahr aus. <\/span><\/p>\n<p style=\"text-align: center;\"><span style=\"font-size: 14pt;\">Die Generalversammlung planen wir gem\u00e4\u00df Satzung im<\/span><br \/>\n<span style=\"font-size: 14pt;\">ersten Quartal 2021 abzuhalten. Aber Stand heute eher nicht im Januar. Auch hier\u00fcber <\/span><span style=\"font-size: 14pt;\">werden wir berichten, wenn es dazu etwas zu berichten gibt.<\/span><\/p>\n<p style=\"text-align: center;\">\n<span style=\"font-size: 14pt;\">Der Rheinische Sch\u00fctzenbund hat aus gleichen Gr\u00fcnden die satzungsgem\u00e4\u00dfe Delegiertenversammlung f\u00fcr 2020 mit dem heutigen Tage ebenfalls abgesagt.<\/span><\/p>\n<p style=\"text-align: center;\">\n<span style=\"font-size: 14pt;\">Wir sind kurz vor der Fertigstellung der n\u00e4chsten Filmreihen und m\u00f6chten diese dann Fortsetzen, sofern es zul\u00e4ssig ist. Wir haben ein sehr gro\u00dfes Sch\u00fctzenhaus und versuchen die Filme auf nicht mehr als 90 Minuten Zeit zusammen zu fassen. Es sitzen alle mit mindestens 2,5 Meter Abstand weit genug auseinander und es wird zwischendurch gel\u00fcftet.<\/span><\/p>\n<p style=\"text-align: center;\">\n<span style=\"font-size: 14pt;\">Die neuen Termine werden wir wieder am Sch\u00fctzenhaus aush\u00e4ngen und elektronisch verteilen.<\/span><br \/>\n<span style=\"font-size: 14pt;\">Gerade alle j\u00fcngeren sind aufgerufen diese Informationen dann an die \u00c4lteren, die nicht die M\u00f6glichkeit haben, weiterzugeben.<\/span><\/p>\n<p style=\"text-align: center;\">\n<span style=\"font-size: 14pt;\">Dann d\u00fcrfen wir freudig mitteilen, dass die Staatskanzlei NRW unseren Sch\u00fctzenverein mit einer ordentlichen Stange Geld ausstattet. Im Rahmen des F\u00f6rderprogramms Sportst\u00e4tten 2022 haben wir die Erneuerung unserer Heizungsanlage, die Modernisierung der Lichttechnik auf LED und die Umstellung auf eine digitale Luftgewehranlage beantragt. F\u00fcr diese Vorhaben erhalten wir 50% Zuschuss durch die Staatskanzlei. Wir sind daher aktuell bei der Ausarbeitung der weiteren Unterlagen. <\/span><\/p>\n<p style=\"text-align: center;\"><span style=\"font-size: 14pt;\">Ein Start der Ma\u00dfnahmen wird sicherlich erst im Laufe des Jahres 2021 angegangen, da wir bei der Modernisierung der Heizung nat\u00fcrlich warten m\u00f6chten, bis eine Heizperiode nicht mehr notwendig ist \u2013 also bis nach dem \u201enormalen\u201c Sch\u00fctzenfesttermin.<\/span><\/p>\n<p style=\"text-align: center;\">\n<span style=\"font-size: 14pt;\">Liebe Freunde des Sch\u00fctzenverein Drevenack,<\/span><br \/>\n<span style=\"font-size: 14pt;\">was uns allen durch das Virus aufgeb\u00fcrdet wird, das h\u00e4tte sich vor einiger Zeit niemand tr\u00e4umen lassen. Wir k\u00f6nnen Euch aber versichern: Wir vom Vorstand h\u00f6ren in vielen Gespr\u00e4chen, dass es nicht die Zeit ist den Kopf in den Sand zu stecken. Wir als Verein blicken auf eine \u00fcber 230 j\u00e4hrige Tradition zur\u00fcck und haben sehr viel vor uns. Wir freuen uns auf die Zukunft. Jede Ver\u00e4nderung bringt Probleme mit sich, jede Ver\u00e4nderung birgt aber auch Chancen.<\/span><\/p>\n<p style=\"text-align: center;\">\n<span style=\"font-size: 14pt;\">In diesem Sinne sagen wir bis bald. <\/span><\/p>\n<p style=\"text-align: center;\"><span style=\"font-size: 14pt;\">Bleibt gesund!<\/span><\/p>\n<p style=\"text-align: center;\">\n<span style=\"font-size: 14pt;\">Mit Sch\u00fctzengru\u00df<\/span><\/p>\n<p style=\"text-align: center;\">\n<span style=\"font-size: 14pt;\">EUER VORSTAND<\/span><\/p>\n","protected":false},"excerpt":{"rendered":"<p>Liebe Vereinsmitglieder, das Jahr geht auf die \u201eSchlussrunde\u201c und nach wie vor gibt es kaum ein anderes Thema als Corona \u2013 und das sicherlich zu recht. Das Virus legt uns wieder in allen Bereichen des Lebens Fesseln an und wir m\u00fcssen versuchen bestm\u00f6glich damit umzugehen. Als n\u00e4chstes steht am 15. November der Volkstrauertag an. Auch f\u00fcr diesen Tag werden besondere<\/p>\n","protected":false},"author":1,"featured_media":0,"comment_status":"closed","ping_status":"open","sticky":false,"template":"","format":"standard","meta":{"ngg_post_thumbnail":0,"footnotes":""},"categories":[3],"tags":[],"class_list":["post-2071","post","type-post","status-publish","format-standard","hentry","category-news"],"_links":{"self":[{"href":"https:\/\/svdrevenack.de\/index.php?rest_route=\/wp\/v2\/posts\/2071","targetHints":{"allow":["GET"]}}],"collection":[{"href":"https:\/\/svdrevenack.de\/index.php?rest_route=\/wp\/v2\/posts"}],"about":[{"href":"https:\/\/svdrevenack.de\/index.php?rest_route=\/wp\/v2\/types\/post"}],"author":[{"embeddable":true,"href":"https:\/\/svdrevenack.de\/index.php?rest_route=\/wp\/v2\/users\/1"}],"replies":[{"embeddable":true,"href":"https:\/\/svdrevenack.de\/index.php?rest_route=%2Fwp%2Fv2%2Fcomments&post=2071"}],"version-history":[{"count":1,"href":"https:\/\/svdrevenack.de\/index.php?rest_route=\/wp\/v2\/posts\/2071\/revisions"}],"predecessor-version":[{"id":2075,"href":"https:\/\/svdrevenack.de\/index.php?rest_route=\/wp\/v2\/posts\/2071\/revisions\/2075"}],"wp:attachment":[{"href":"https:\/\/svdrevenack.de\/index.php?rest_route=%2Fwp%2Fv2%2Fmedia&parent=2071"}],"wp:term":[{"taxonomy":"category","embeddable":true,"href":"https:\/\/svdrevenack.de\/index.php?rest_route=%2Fwp%2Fv2%2Fcategories&post=2071"},{"taxonomy":"post_tag","embeddable":true,"href":"https:\/\/svdrevenack.de\/index.php?rest_route=%2Fwp%2Fv2%2Ftags&post=2071"}],"curies":[{"name":"wp","href":"https:\/\/api.w.org\/{rel}","templated":true}]}}