{"id":2154,"date":"2021-08-24T11:11:10","date_gmt":"2021-08-24T09:11:10","guid":{"rendered":"https:\/\/svdrevenack.de\/?p=2154"},"modified":"2021-08-24T11:11:10","modified_gmt":"2021-08-24T09:11:10","slug":"generalversammlung-2021","status":"publish","type":"post","link":"https:\/\/svdrevenack.de\/?p=2154","title":{"rendered":"Generalversammlung 2021"},"content":{"rendered":"<p>Unser Sch\u00fctzenverein wird am Freitag den 03. September 2021 um 20:00 Uhr die Generalversammlung durchf\u00fchren.<\/p>\n<p>Die Veranstaltung gilt als Ersatz f\u00fcr die satzungsgem\u00e4\u00dfe Generalversammlung, welche normalerweise am Jahresanfang stattfindet und aus Pandemiegr\u00fcnden nicht durchgef\u00fchrt werden konnte.<\/p>\n<p>Die Sch\u00fctzen treffen sich hierzu im Sch\u00fctzenhaus am Buschweg.<\/p>\n<p>Folgende Tagesordnungspunkte sind vorgesehen:<\/p>\n<ol>\n<li>&nbsp;Bericht des Pr\u00e4sidenten und des Sportwartes zum Vereinsjahr 2020<\/li>\n<li>Kassenbericht und Entlastung des Vorstandes zum Vereinsjahr 2020&nbsp;\n<ol>\n<li>Kassenbericht<\/li>\n<li>Bericht des Kassenpr\u00fcfers und Entlastung des Vorstandes<\/li>\n<li>Wahl von 2 Kassenpr\u00fcfern<\/li>\n<\/ol>\n<\/li>\n<li>Neuwahlen zum Vorstand: Pr\u00e4sident, Major, Hauptfeldwebel der 2. Kompanie, Oberf\u00e4hnrich (Fahnentr\u00e4ger), 2 Scheibenbegleiter, stellv. Jungsch\u00fctzenf\u00fchrer<\/li>\n<li>Beschlussfassung \u00fcber Veranstaltungstermine f\u00fcr das restliche Jahr 2021 und Ausblick auf 2022<\/li>\n<li>Behandlung von fristgem\u00e4\u00df eingegangenen Antr\u00e4gen<\/li>\n<li>Mitteilungen und Anfragen.<\/li>\n<\/ol>\n<p>&nbsp;<\/p>\n<p><strong>Nach dem aktuellen Stand der Dinge wird von jedem Mitglied zur Teilnahme an der Versammlung ein Nachweis zur Einhaltung der \u201e3G-Regel\u201c (Geimpft, Genesen oder Getestet) ben\u00f6tigt. Zus\u00e4tzlich wird der Zutritt zum Sch\u00fctzenhaus nur mit Maske gestattet sein.<\/strong><\/p>\n<p>Jedes Mitglied informiert sich bitte vorher selbst.&nbsp;<\/p>\n<p>Auf unserer Homepage und per Aushang am Sch\u00fctzenhaus werden wir in der Woche vor der Versammlung die verbindlichen Regeln nochmals ver\u00f6ffentlichen.<\/p>\n<p>Es wird um rege Beteiligung gebeten.<\/p>\n","protected":false},"excerpt":{"rendered":"<p>Unser Sch\u00fctzenverein wird am Freitag den 03. September 2021 um 20:00 Uhr die Generalversammlung durchf\u00fchren. Die Veranstaltung gilt als Ersatz f\u00fcr die satzungsgem\u00e4\u00dfe Generalversammlung, welche normalerweise am Jahresanfang stattfindet und aus Pandemiegr\u00fcnden nicht durchgef\u00fchrt werden konnte. Die Sch\u00fctzen treffen sich hierzu im Sch\u00fctzenhaus am Buschweg. Folgende Tagesordnungspunkte sind vorgesehen: &nbsp;Bericht des Pr\u00e4sidenten und des Sportwartes zum Vereinsjahr 2020 Kassenbericht und<\/p>\n","protected":false},"author":1,"featured_media":0,"comment_status":"closed","ping_status":"open","sticky":false,"template":"","format":"standard","meta":{"ngg_post_thumbnail":0,"footnotes":""},"categories":[3],"tags":[],"class_list":["post-2154","post","type-post","status-publish","format-standard","hentry","category-news"],"_links":{"self":[{"href":"https:\/\/svdrevenack.de\/index.php?rest_route=\/wp\/v2\/posts\/2154","targetHints":{"allow":["GET"]}}],"collection":[{"href":"https:\/\/svdrevenack.de\/index.php?rest_route=\/wp\/v2\/posts"}],"about":[{"href":"https:\/\/svdrevenack.de\/index.php?rest_route=\/wp\/v2\/types\/post"}],"author":[{"embeddable":true,"href":"https:\/\/svdrevenack.de\/index.php?rest_route=\/wp\/v2\/users\/1"}],"replies":[{"embeddable":true,"href":"https:\/\/svdrevenack.de\/index.php?rest_route=%2Fwp%2Fv2%2Fcomments&post=2154"}],"version-history":[{"count":1,"href":"https:\/\/svdrevenack.de\/index.php?rest_route=\/wp\/v2\/posts\/2154\/revisions"}],"predecessor-version":[{"id":2155,"href":"https:\/\/svdrevenack.de\/index.php?rest_route=\/wp\/v2\/posts\/2154\/revisions\/2155"}],"wp:attachment":[{"href":"https:\/\/svdrevenack.de\/index.php?rest_route=%2Fwp%2Fv2%2Fmedia&parent=2154"}],"wp:term":[{"taxonomy":"category","embeddable":true,"href":"https:\/\/svdrevenack.de\/index.php?rest_route=%2Fwp%2Fv2%2Fcategories&post=2154"},{"taxonomy":"post_tag","embeddable":true,"href":"https:\/\/svdrevenack.de\/index.php?rest_route=%2Fwp%2Fv2%2Ftags&post=2154"}],"curies":[{"name":"wp","href":"https:\/\/api.w.org\/{rel}","templated":true}]}}