{"id":2249,"date":"2022-05-02T08:54:16","date_gmt":"2022-05-02T06:54:16","guid":{"rendered":"https:\/\/svdrevenack.de\/?p=2249"},"modified":"2022-05-02T08:54:29","modified_gmt":"2022-05-02T06:54:29","slug":"lucy-schroeder-ist-neue-kinderkoenigin","status":"publish","type":"post","link":"https:\/\/svdrevenack.de\/?p=2249","title":{"rendered":"Lucy Schroeder ist neue Kinderk\u00f6nigin!"},"content":{"rendered":"<div class=\"cxmmr5t8 oygrvhab hcukyx3x c1et5uql o9v6fnle ii04i59q\">\n<div dir=\"auto\" style=\"text-align: center;\">Nach dreij\u00e4hriger Corona-Pause gibt es in Drevenack eine neue Kinderk\u00f6nigin!<\/div>\n<div dir=\"auto\" style=\"text-align: center;\">Die 11-j\u00e4hrige Lucy Schroeder konnte sich im 2. Stechen gegen 3 weitere MitbewerberInnen durchsetzen und l\u00f6st damit ihren Bruder Luke Schroeder ab, der 2019 K\u00f6nig wurde.<\/div>\n<div dir=\"auto\" style=\"text-align: center;\">Lucy w\u00e4hlte sich Ben Otto als K\u00f6nig aus.<\/div>\n<div dir=\"auto\" style=\"text-align: center;\">Die offizielle Kr\u00f6nung der Kindermajest\u00e4ten wird wieder auf dem Drevenacker Sch\u00fctzenfest vorgenommen, welches vom 21.05. &#8211; 23.05. stattfindet. Die Thronpaare werden noch zeitnah bekannt gegeben.<\/div>\n<\/div>\n<div class=\"cxmmr5t8 oygrvhab hcukyx3x c1et5uql o9v6fnle ii04i59q\">\n<div dir=\"auto\" style=\"text-align: center;\">Wir w\u00fcnschen euch viel Spa\u00df in eurem K\u00f6nigsjahr!<\/div>\n<div dir=\"auto\" style=\"text-align: center;\"><img fetchpriority=\"high\" decoding=\"async\" class=\"size-large wp-image-2250 alignnone\" src=\"https:\/\/svdrevenack.de\/wp-content\/uploads\/2022\/05\/IMG_2454-683x1024.jpg\" alt=\"\" width=\"683\" height=\"1024\" srcset=\"https:\/\/svdrevenack.de\/wp-content\/uploads\/2022\/05\/IMG_2454-683x1024.jpg 683w, https:\/\/svdrevenack.de\/wp-content\/uploads\/2022\/05\/IMG_2454-200x300.jpg 200w, https:\/\/svdrevenack.de\/wp-content\/uploads\/2022\/05\/IMG_2454-768x1152.jpg 768w, https:\/\/svdrevenack.de\/wp-content\/uploads\/2022\/05\/IMG_2454-1024x1536.jpg 1024w, https:\/\/svdrevenack.de\/wp-content\/uploads\/2022\/05\/IMG_2454-1365x2048.jpg 1365w, https:\/\/svdrevenack.de\/wp-content\/uploads\/2022\/05\/IMG_2454-scaled.jpg 1707w\" sizes=\"(max-width: 683px) 100vw, 683px\" \/><\/div>\n<\/div>\n","protected":false},"excerpt":{"rendered":"<p>Nach dreij\u00e4hriger Corona-Pause gibt es in Drevenack eine neue Kinderk\u00f6nigin! Die 11-j\u00e4hrige Lucy Schroeder konnte sich im 2. Stechen gegen 3 weitere MitbewerberInnen durchsetzen und l\u00f6st damit ihren Bruder Luke Schroeder ab, der 2019 K\u00f6nig wurde. Lucy w\u00e4hlte sich Ben Otto als K\u00f6nig aus. Die offizielle Kr\u00f6nung der Kindermajest\u00e4ten wird wieder auf dem Drevenacker Sch\u00fctzenfest vorgenommen, welches vom 21.05. &#8211;<\/p>\n","protected":false},"author":1,"featured_media":0,"comment_status":"closed","ping_status":"open","sticky":false,"template":"","format":"standard","meta":{"ngg_post_thumbnail":0,"footnotes":""},"categories":[3],"tags":[],"class_list":["post-2249","post","type-post","status-publish","format-standard","hentry","category-news"],"_links":{"self":[{"href":"https:\/\/svdrevenack.de\/index.php?rest_route=\/wp\/v2\/posts\/2249","targetHints":{"allow":["GET"]}}],"collection":[{"href":"https:\/\/svdrevenack.de\/index.php?rest_route=\/wp\/v2\/posts"}],"about":[{"href":"https:\/\/svdrevenack.de\/index.php?rest_route=\/wp\/v2\/types\/post"}],"author":[{"embeddable":true,"href":"https:\/\/svdrevenack.de\/index.php?rest_route=\/wp\/v2\/users\/1"}],"replies":[{"embeddable":true,"href":"https:\/\/svdrevenack.de\/index.php?rest_route=%2Fwp%2Fv2%2Fcomments&post=2249"}],"version-history":[{"count":1,"href":"https:\/\/svdrevenack.de\/index.php?rest_route=\/wp\/v2\/posts\/2249\/revisions"}],"predecessor-version":[{"id":2251,"href":"https:\/\/svdrevenack.de\/index.php?rest_route=\/wp\/v2\/posts\/2249\/revisions\/2251"}],"wp:attachment":[{"href":"https:\/\/svdrevenack.de\/index.php?rest_route=%2Fwp%2Fv2%2Fmedia&parent=2249"}],"wp:term":[{"taxonomy":"category","embeddable":true,"href":"https:\/\/svdrevenack.de\/index.php?rest_route=%2Fwp%2Fv2%2Fcategories&post=2249"},{"taxonomy":"post_tag","embeddable":true,"href":"https:\/\/svdrevenack.de\/index.php?rest_route=%2Fwp%2Fv2%2Ftags&post=2249"}],"curies":[{"name":"wp","href":"https:\/\/api.w.org\/{rel}","templated":true}]}}