{"id":2252,"date":"2022-05-09T10:29:27","date_gmt":"2022-05-09T08:29:27","guid":{"rendered":"https:\/\/svdrevenack.de\/?p=2252"},"modified":"2022-05-09T10:29:27","modified_gmt":"2022-05-09T08:29:27","slug":"koenigschiessen-am-sonntag-den-15-05-2022","status":"publish","type":"post","link":"https:\/\/svdrevenack.de\/?p=2252","title":{"rendered":"K\u00f6nigschie\u00dfen am Sonntag den 15.05.2022"},"content":{"rendered":"<p style=\"text-align: center;\">Am Sonntag den 15.05.2022 findet nach der Corona-Pause wieder unser K\u00f6nigschie\u00dfen auf dem dem Schie\u00dfstand im Sch\u00fctzenheim am Buschweg statt.<\/p>\n<p style=\"text-align: center;\"><strong>Hierzu treten die Sch\u00fctzen um 13:30 Uhr in Uniform (schwarze Hose, schwarze Socken, schwarze geputzte Schuhe, wei\u00dfes geb\u00fcgeltes Hemd, gr\u00fcne Krawatte, Sch\u00fctzenrock und Sch\u00fctzenhut) am Marktplatz in Drevenack an.<\/strong><\/p>\n<p style=\"text-align: center;\">Alle Sch\u00fctzen werden gebeten zahlreich und p\u00fcnktlich zu erscheinen!<\/p>\n<p style=\"text-align: center;\">&nbsp;<\/p>\n<p style=\"text-align: center;\"><strong>Das Schie\u00dfen l\u00e4uft wie folgt ab:<\/strong><\/p>\n<p><strong>&nbsp;<\/strong><strong>&nbsp;<\/strong><\/p>\n<ul>\n<li style=\"text-align: center;\">Wir schie\u00dfen auf 12\u00e8r Scheibe und nicht auf Vogel<\/li>\n<\/ul>\n<p style=\"text-align: center;\">&nbsp;<\/p>\n<ul style=\"text-align: center;\">\n<li>Geschossen wird mit dem Kleinkaliber auf 50 Meter im eigenen KK-Stand<\/li>\n<\/ul>\n<p style=\"text-align: center;\">&nbsp;<\/p>\n<ul style=\"text-align: center;\">\n<li>Es wird stehend-aufgelegt geschossen<\/li>\n<\/ul>\n<p style=\"text-align: center;\"><sup>&nbsp;<\/sup><\/p>\n<ul style=\"text-align: center;\">\n<li>Alle Sch\u00fctzen schie\u00dfen auf die K\u00f6nigsscheibe, die am Sch\u00fctzenfestmontag an den Giebel des neuen K\u00f6nigs geschlagen wird.<\/li>\n<\/ul>\n<p style=\"text-align: center;\">&nbsp;<\/p>\n<ul style=\"text-align: center;\">\n<li>Alle Sch\u00fctzen mit einer 12 m\u00fcssen sich anschlie\u00dfend im Ausscheidungsstechen in immer umgekehrter Reihenfolge messen. Derjenige der \u00fcbrig bleibt und damit die meisten 12en geschossen hat ist der K\u00f6nig, der zweitbeste der Batallionspreistr\u00e4ger, die n\u00e4chsten beiden besten die Kompaniepreisgewinner Ihrer jeweiligen Kompanie, bzw. des Jungsch\u00fctzenzuges.<\/li>\n<\/ul>\n<p style=\"text-align: center;\">&nbsp;<\/p>\n<ul style=\"text-align: center;\">\n<li>Berechtigt zum K\u00f6nigsschuss ist jedes m\u00e4nnliche Mitglied des Vereins, das mindestens 21 Jahre alt ist, 3 volle Jahre im Verein Mitglied ist und in den letzten 10 Jahren nicht schon einmal K\u00f6nig wurde!<\/li>\n<\/ul>\n<p style=\"text-align: center;\">&nbsp;<\/p>\n<ul>\n<li style=\"text-align: center;\">Am Abend des K\u00f6nigschie\u00dfens werden die K\u00f6nigin und die Throndamen von den berittenen Adjutanten informiert.<\/li>\n<\/ul>\n","protected":false},"excerpt":{"rendered":"<p>Am Sonntag den 15.05.2022 findet nach der Corona-Pause wieder unser K\u00f6nigschie\u00dfen auf dem dem Schie\u00dfstand im Sch\u00fctzenheim am Buschweg statt. Hierzu treten die Sch\u00fctzen um 13:30 Uhr in Uniform (schwarze Hose, schwarze Socken, schwarze geputzte Schuhe, wei\u00dfes geb\u00fcgeltes Hemd, gr\u00fcne Krawatte, Sch\u00fctzenrock und Sch\u00fctzenhut) am Marktplatz in Drevenack an. Alle Sch\u00fctzen werden gebeten zahlreich und p\u00fcnktlich zu erscheinen! &nbsp; Das<\/p>\n","protected":false},"author":1,"featured_media":0,"comment_status":"closed","ping_status":"open","sticky":false,"template":"","format":"standard","meta":{"ngg_post_thumbnail":0,"footnotes":""},"categories":[3],"tags":[164],"class_list":["post-2252","post","type-post","status-publish","format-standard","hentry","category-news","tag-koenigschiessen"],"_links":{"self":[{"href":"https:\/\/svdrevenack.de\/index.php?rest_route=\/wp\/v2\/posts\/2252","targetHints":{"allow":["GET"]}}],"collection":[{"href":"https:\/\/svdrevenack.de\/index.php?rest_route=\/wp\/v2\/posts"}],"about":[{"href":"https:\/\/svdrevenack.de\/index.php?rest_route=\/wp\/v2\/types\/post"}],"author":[{"embeddable":true,"href":"https:\/\/svdrevenack.de\/index.php?rest_route=\/wp\/v2\/users\/1"}],"replies":[{"embeddable":true,"href":"https:\/\/svdrevenack.de\/index.php?rest_route=%2Fwp%2Fv2%2Fcomments&post=2252"}],"version-history":[{"count":1,"href":"https:\/\/svdrevenack.de\/index.php?rest_route=\/wp\/v2\/posts\/2252\/revisions"}],"predecessor-version":[{"id":2253,"href":"https:\/\/svdrevenack.de\/index.php?rest_route=\/wp\/v2\/posts\/2252\/revisions\/2253"}],"wp:attachment":[{"href":"https:\/\/svdrevenack.de\/index.php?rest_route=%2Fwp%2Fv2%2Fmedia&parent=2252"}],"wp:term":[{"taxonomy":"category","embeddable":true,"href":"https:\/\/svdrevenack.de\/index.php?rest_route=%2Fwp%2Fv2%2Fcategories&post=2252"},{"taxonomy":"post_tag","embeddable":true,"href":"https:\/\/svdrevenack.de\/index.php?rest_route=%2Fwp%2Fv2%2Ftags&post=2252"}],"curies":[{"name":"wp","href":"https:\/\/api.w.org\/{rel}","templated":true}]}}