{"id":2257,"date":"2022-05-12T10:25:00","date_gmt":"2022-05-12T08:25:00","guid":{"rendered":"https:\/\/svdrevenack.de\/?p=2257"},"modified":"2022-05-12T10:25:00","modified_gmt":"2022-05-12T08:25:00","slug":"kinderthron-und-sieger-pokalschiessen","status":"publish","type":"post","link":"https:\/\/svdrevenack.de\/?p=2257","title":{"rendered":"Kinderthron und Sieger Pokalschie\u00dfen"},"content":{"rendered":"<div class=\"kvgmc6g5 cxmmr5t8 oygrvhab hcukyx3x c1et5uql ii04i59q\">\n<div dir=\"auto\" style=\"text-align: center;\">Das K\u00f6nigschie\u00dfen am Sonntag steht nun schon fast vor der T\u00fcr und wir m\u00f6chten vorher noch einmal unseren Kinderthron vorstellen, und auch die Preistr\u00e4ger unseres Pokalschie\u00dfens vom Tag der offenen T\u00fcr bekannt geben.<\/div>\n<div dir=\"auto\">&nbsp;<\/div>\n<\/div>\n<div class=\"cxmmr5t8 oygrvhab hcukyx3x c1et5uql o9v6fnle ii04i59q\" style=\"text-align: center;\">\n<div dir=\"auto\">Unser Kinderthron setzt sich wie folgt zusammen:<\/div>\n<div dir=\"auto\">&nbsp;<\/div>\n<\/div>\n<div class=\"cxmmr5t8 oygrvhab hcukyx3x c1et5uql o9v6fnle ii04i59q\" style=\"text-align: center;\">\n<div dir=\"auto\"><strong>K\u00f6nigspaar Lucy Schroeder und Ben Otto<\/strong><\/div>\n<div dir=\"auto\">1. Kinderthrondamen: Lara Oberhauser und Emma Seidel<\/div>\n<div dir=\"auto\">2. Kinderthrondamen: Dana Hillebrand und Helena Katzer<\/div>\n<div dir=\"auto\"><img fetchpriority=\"high\" decoding=\"async\" class=\"aligncenter size-large wp-image-2258\" src=\"https:\/\/svdrevenack.de\/wp-content\/uploads\/2022\/05\/D47513E8-9A2A-4D94-ADAC-DF4F449DF756-1024x768.jpeg\" alt=\"\" width=\"860\" height=\"645\" srcset=\"https:\/\/svdrevenack.de\/wp-content\/uploads\/2022\/05\/D47513E8-9A2A-4D94-ADAC-DF4F449DF756-1024x768.jpeg 1024w, https:\/\/svdrevenack.de\/wp-content\/uploads\/2022\/05\/D47513E8-9A2A-4D94-ADAC-DF4F449DF756-300x225.jpeg 300w, https:\/\/svdrevenack.de\/wp-content\/uploads\/2022\/05\/D47513E8-9A2A-4D94-ADAC-DF4F449DF756-768x576.jpeg 768w, https:\/\/svdrevenack.de\/wp-content\/uploads\/2022\/05\/D47513E8-9A2A-4D94-ADAC-DF4F449DF756-1536x1152.jpeg 1536w, https:\/\/svdrevenack.de\/wp-content\/uploads\/2022\/05\/D47513E8-9A2A-4D94-ADAC-DF4F449DF756.jpeg 2048w\" sizes=\"(max-width: 860px) 100vw, 860px\" \/><\/div>\n<div dir=\"auto\">&nbsp;<\/div>\n<\/div>\n<div class=\"cxmmr5t8 oygrvhab hcukyx3x c1et5uql o9v6fnle ii04i59q\" style=\"text-align: center;\">\n<div dir=\"auto\">Die Preistr\u00e4ger des Pokalschie\u00dfens vom Tag der offenen T\u00fcr sind folgende:<\/div>\n<div dir=\"auto\">&nbsp;<\/div>\n<\/div>\n<div class=\"cxmmr5t8 oygrvhab hcukyx3x c1et5uql o9v6fnle ii04i59q\" style=\"text-align: center;\">\n<div dir=\"auto\"><strong>G\u00e4stepokal<\/strong><\/div>\n<div dir=\"auto\">1. Platz: Oliver Steinbach<\/div>\n<div dir=\"auto\">2.Platz: Tim Bucksteeg<\/div>\n<div dir=\"auto\">3. Platz: Anke Oberhauser<\/div>\n<div dir=\"auto\">&nbsp;<\/div>\n<\/div>\n<div class=\"cxmmr5t8 oygrvhab hcukyx3x c1et5uql o9v6fnle ii04i59q\" style=\"text-align: center;\">\n<div dir=\"auto\"><strong>Preisschie\u00dfen M\u00e4dchen bis 8 Jahre<\/strong><\/div>\n<div dir=\"auto\">1. Platz: Jenna Westarp<\/div>\n<div dir=\"auto\">2. Platz: Isabell Daumann<\/div>\n<div dir=\"auto\">3. Platz: Hanna R\u00fchl<\/div>\n<div dir=\"auto\">&nbsp;<\/div>\n<\/div>\n<div class=\"cxmmr5t8 oygrvhab hcukyx3x c1et5uql o9v6fnle ii04i59q\" style=\"text-align: center;\">\n<div dir=\"auto\"><strong>Preisschie\u00dfen Jungen bis 8 Jahre<\/strong><\/div>\n<div dir=\"auto\">1. Platz: Florian Baltes<\/div>\n<div dir=\"auto\">2. Platz: Elias Wiaderek<\/div>\n<div dir=\"auto\">3. Platz: Lukas J\u00f6rres<\/div>\n<div dir=\"auto\">&nbsp;<\/div>\n<\/div>\n<div class=\"cxmmr5t8 oygrvhab hcukyx3x c1et5uql o9v6fnle ii04i59q\" style=\"text-align: center;\">\n<div dir=\"auto\"><strong>Preisschie\u00dfen M\u00e4dchen bis 11 Jahre<\/strong><\/div>\n<div dir=\"auto\">1. Platz:Katharina Daumann<\/div>\n<div dir=\"auto\">2. Platz: Melissa Seidel<\/div>\n<div dir=\"auto\">3. Platz: Emma Seidel<\/div>\n<div dir=\"auto\">&nbsp;<\/div>\n<\/div>\n<div class=\"cxmmr5t8 oygrvhab hcukyx3x c1et5uql o9v6fnle ii04i59q\" style=\"text-align: center;\">\n<div dir=\"auto\"><strong>Preisschie\u00dfen Jungen bis 11 Jahre<\/strong><\/div>\n<div dir=\"auto\">1. Platz: Henrik Bucksteeg<\/div>\n<div dir=\"auto\">2. Platz: Samuel Dissel<\/div>\n<div dir=\"auto\">3. Platz: Lukas Braun<\/div>\n<div dir=\"auto\">&nbsp;<\/div>\n<\/div>\n<div class=\"cxmmr5t8 oygrvhab hcukyx3x c1et5uql o9v6fnle ii04i59q\" style=\"text-align: center;\">\n<div dir=\"auto\"><strong>Preisschie\u00dfen M\u00e4dchen bis 14 Jahre<\/strong><\/div>\n<div dir=\"auto\">1. Platz: Nela Doig<\/div>\n<div dir=\"auto\">2. Platz: Lara Oberhauser<\/div>\n<div dir=\"auto\">&nbsp;<\/div>\n<\/div>\n<div class=\"cxmmr5t8 oygrvhab hcukyx3x c1et5uql o9v6fnle ii04i59q\" style=\"text-align: center;\">\n<div dir=\"auto\"><strong>Preisschie\u00dfen Jungen bis 14 Jahre<\/strong><\/div>\n<div dir=\"auto\">1. Platz: Henry Endemann<\/div>\n<div dir=\"auto\">&nbsp;<\/div>\n<\/div>\n<div class=\"cxmmr5t8 oygrvhab hcukyx3x c1et5uql o9v6fnle ii04i59q\" style=\"text-align: center;\">\n<div dir=\"auto\">Die Erstplatzierten bekommen jeweils einen Pokal, der am Sonntag Nachmittag auf dem Sch\u00fctzenfest in Drevenack verliehen wird.<\/div>\n<div dir=\"auto\">&nbsp;<\/div>\n<\/div>\n<div class=\"cxmmr5t8 oygrvhab hcukyx3x c1et5uql o9v6fnle ii04i59q\">\n<div dir=\"auto\" style=\"text-align: center;\">Allen Siegern und Siegerinnen Herzlichen Gl\u00fcckwunsch!<\/div>\n<\/div>\n","protected":false},"excerpt":{"rendered":"<p>Das K\u00f6nigschie\u00dfen am Sonntag steht nun schon fast vor der T\u00fcr und wir m\u00f6chten vorher noch einmal unseren Kinderthron vorstellen, und auch die Preistr\u00e4ger unseres Pokalschie\u00dfens vom Tag der offenen T\u00fcr bekannt geben. &nbsp; Unser Kinderthron setzt sich wie folgt zusammen: &nbsp; K\u00f6nigspaar Lucy Schroeder und Ben Otto 1. Kinderthrondamen: Lara Oberhauser und Emma Seidel 2. Kinderthrondamen: Dana Hillebrand und<\/p>\n","protected":false},"author":1,"featured_media":0,"comment_status":"closed","ping_status":"open","sticky":false,"template":"","format":"standard","meta":{"ngg_post_thumbnail":0,"footnotes":""},"categories":[3],"tags":[],"class_list":["post-2257","post","type-post","status-publish","format-standard","hentry","category-news"],"_links":{"self":[{"href":"https:\/\/svdrevenack.de\/index.php?rest_route=\/wp\/v2\/posts\/2257","targetHints":{"allow":["GET"]}}],"collection":[{"href":"https:\/\/svdrevenack.de\/index.php?rest_route=\/wp\/v2\/posts"}],"about":[{"href":"https:\/\/svdrevenack.de\/index.php?rest_route=\/wp\/v2\/types\/post"}],"author":[{"embeddable":true,"href":"https:\/\/svdrevenack.de\/index.php?rest_route=\/wp\/v2\/users\/1"}],"replies":[{"embeddable":true,"href":"https:\/\/svdrevenack.de\/index.php?rest_route=%2Fwp%2Fv2%2Fcomments&post=2257"}],"version-history":[{"count":1,"href":"https:\/\/svdrevenack.de\/index.php?rest_route=\/wp\/v2\/posts\/2257\/revisions"}],"predecessor-version":[{"id":2259,"href":"https:\/\/svdrevenack.de\/index.php?rest_route=\/wp\/v2\/posts\/2257\/revisions\/2259"}],"wp:attachment":[{"href":"https:\/\/svdrevenack.de\/index.php?rest_route=%2Fwp%2Fv2%2Fmedia&parent=2257"}],"wp:term":[{"taxonomy":"category","embeddable":true,"href":"https:\/\/svdrevenack.de\/index.php?rest_route=%2Fwp%2Fv2%2Fcategories&post=2257"},{"taxonomy":"post_tag","embeddable":true,"href":"https:\/\/svdrevenack.de\/index.php?rest_route=%2Fwp%2Fv2%2Ftags&post=2257"}],"curies":[{"name":"wp","href":"https:\/\/api.w.org\/{rel}","templated":true}]}}