{"id":2260,"date":"2022-05-15T21:21:44","date_gmt":"2022-05-15T19:21:44","guid":{"rendered":"https:\/\/svdrevenack.de\/?p=2260"},"modified":"2022-05-15T21:23:24","modified_gmt":"2022-05-15T19:23:24","slug":"luca-van-rissenbeck-ist-neuer-schuetzenkoenig","status":"publish","type":"post","link":"https:\/\/svdrevenack.de\/?p=2260","title":{"rendered":"Luca van Rissenbeck ist neuer Sch\u00fctzenk\u00f6nig!"},"content":{"rendered":"<p><img fetchpriority=\"high\" decoding=\"async\" class=\"size-large wp-image-2262 aligncenter\" src=\"https:\/\/svdrevenack.de\/wp-content\/uploads\/2022\/05\/EAF61234-FFA0-4A26-AB99-CF425C0E33BC-1024x768.jpeg\" alt=\"\" width=\"860\" height=\"645\" srcset=\"https:\/\/svdrevenack.de\/wp-content\/uploads\/2022\/05\/EAF61234-FFA0-4A26-AB99-CF425C0E33BC-1024x768.jpeg 1024w, https:\/\/svdrevenack.de\/wp-content\/uploads\/2022\/05\/EAF61234-FFA0-4A26-AB99-CF425C0E33BC-300x225.jpeg 300w, https:\/\/svdrevenack.de\/wp-content\/uploads\/2022\/05\/EAF61234-FFA0-4A26-AB99-CF425C0E33BC-768x576.jpeg 768w, https:\/\/svdrevenack.de\/wp-content\/uploads\/2022\/05\/EAF61234-FFA0-4A26-AB99-CF425C0E33BC-1536x1152.jpeg 1536w, https:\/\/svdrevenack.de\/wp-content\/uploads\/2022\/05\/EAF61234-FFA0-4A26-AB99-CF425C0E33BC-2048x1536.jpeg 2048w\" sizes=\"(max-width: 860px) 100vw, 860px\" \/><strong>Nach drei Jahren Pandemie gibt es nun einen neuen Sch\u00fctzenk\u00f6nig in Drevenack!<\/strong><\/p>\n<p style=\"text-align: center;\"><strong>Der 27-j\u00e4hrige Tischler Luca van Rissenbeck holte sich im Stechen mit einer 12 gegen Matthias Janzen die K\u00f6nigsw\u00fcrde.&nbsp;<\/strong><\/p>\n<p style=\"text-align: center;\"><strong>Als K\u00f6nigin w\u00e4hlte er sich die 28-j\u00e4hrige Altenpflegerin Alexandra L\u2018Hoest.<\/strong><\/p>\n<p style=\"text-align: center;\">Weiterhin k\u00f6nnen folgende Thronpaare bekannt gegeben werden:<\/p>\n<p style=\"text-align: center;\">1. Thronpaar:<\/p>\n<p style=\"text-align: center;\">Matthias Janzen und Katharina L\u2018Hoest<\/p>\n<p style=\"text-align: center;\">2. Thronpaar:<\/p>\n<p style=\"text-align: center;\">Stefan Buchmann und Julia Lange<\/p>\n<p style=\"text-align: center;\">3. Thronpaar:<\/p>\n<p style=\"text-align: center;\">Jonas Ruschke und Marie Sch\u00e4fer<\/p>\n<p style=\"text-align: center;\">4. Thronpaar und Mundschenk:<\/p>\n<p style=\"text-align: center;\">Ludger Suckrau und Nathalie L\u2018Hoest<\/p>\n<p style=\"text-align: center;\">&nbsp;<\/p>\n<p style=\"text-align: center;\">Durch das K\u00f6nigschie\u00dfen ergeben sich auch folgende Preise:<\/p>\n<p style=\"text-align: center;\">Bataillonspreis: Matthias Janzen<\/p>\n<p style=\"text-align: center;\">Preis der 1. Kompanie: Thomas Greulich<\/p>\n<p style=\"text-align: center;\">Preis der 2. Kompanie: Marvin Janzen<\/p>\n<p style=\"text-align: center;\">Jungsch\u00fctzenpreis Altersgruppe 21-30 Jahre: Stefan Buchmann<\/p>\n<p style=\"text-align: center;\">Jungsch\u00fctzenpreis Altersgruppe unter 21: Thorben Ufermann<\/p>\n<p style=\"text-align: center;\">Wir gratulieren und freuen uns mit unserem neuen K\u00f6nigspaar auf ein tolles Sch\u00fctzenfest vom 21.- 23. Mai in Drevenack!<\/p>\n<p style=\"text-align: center;\">&nbsp;<\/p>\n<p style=\"text-align: center;\">&nbsp;<\/p>\n","protected":false},"excerpt":{"rendered":"<p>Nach drei Jahren Pandemie gibt es nun einen neuen Sch\u00fctzenk\u00f6nig in Drevenack! Der 27-j\u00e4hrige Tischler Luca van Rissenbeck holte sich im Stechen mit einer 12 gegen Matthias Janzen die K\u00f6nigsw\u00fcrde.&nbsp; Als K\u00f6nigin w\u00e4hlte er sich die 28-j\u00e4hrige Altenpflegerin Alexandra L\u2018Hoest. Weiterhin k\u00f6nnen folgende Thronpaare bekannt gegeben werden: 1. Thronpaar: Matthias Janzen und Katharina L\u2018Hoest 2. Thronpaar: Stefan Buchmann und Julia<\/p>\n","protected":false},"author":1,"featured_media":0,"comment_status":"closed","ping_status":"open","sticky":false,"template":"","format":"standard","meta":{"ngg_post_thumbnail":0,"footnotes":""},"categories":[3],"tags":[],"class_list":["post-2260","post","type-post","status-publish","format-standard","hentry","category-news"],"_links":{"self":[{"href":"https:\/\/svdrevenack.de\/index.php?rest_route=\/wp\/v2\/posts\/2260","targetHints":{"allow":["GET"]}}],"collection":[{"href":"https:\/\/svdrevenack.de\/index.php?rest_route=\/wp\/v2\/posts"}],"about":[{"href":"https:\/\/svdrevenack.de\/index.php?rest_route=\/wp\/v2\/types\/post"}],"author":[{"embeddable":true,"href":"https:\/\/svdrevenack.de\/index.php?rest_route=\/wp\/v2\/users\/1"}],"replies":[{"embeddable":true,"href":"https:\/\/svdrevenack.de\/index.php?rest_route=%2Fwp%2Fv2%2Fcomments&post=2260"}],"version-history":[{"count":4,"href":"https:\/\/svdrevenack.de\/index.php?rest_route=\/wp\/v2\/posts\/2260\/revisions"}],"predecessor-version":[{"id":2265,"href":"https:\/\/svdrevenack.de\/index.php?rest_route=\/wp\/v2\/posts\/2260\/revisions\/2265"}],"wp:attachment":[{"href":"https:\/\/svdrevenack.de\/index.php?rest_route=%2Fwp%2Fv2%2Fmedia&parent=2260"}],"wp:term":[{"taxonomy":"category","embeddable":true,"href":"https:\/\/svdrevenack.de\/index.php?rest_route=%2Fwp%2Fv2%2Fcategories&post=2260"},{"taxonomy":"post_tag","embeddable":true,"href":"https:\/\/svdrevenack.de\/index.php?rest_route=%2Fwp%2Fv2%2Ftags&post=2260"}],"curies":[{"name":"wp","href":"https:\/\/api.w.org\/{rel}","templated":true}]}}