{"id":2284,"date":"2022-05-28T16:51:29","date_gmt":"2022-05-28T14:51:29","guid":{"rendered":"https:\/\/svdrevenack.de\/?p=2284"},"modified":"2022-05-28T16:51:29","modified_gmt":"2022-05-28T14:51:29","slug":"abmarschpunkt-huenxe-29-05","status":"publish","type":"post","link":"https:\/\/svdrevenack.de\/?p=2284","title":{"rendered":"Abmarschpunkt H\u00fcnxe 29.05."},"content":{"rendered":"<p>Unser Sch\u00fctzenverein startet um 16:00 Uhr als 2. Zug an der Metzgerei Bellendorf.<br \/>\n<span style=\"font-size: 0.95em;\">Mit dabei sind:<\/span><\/p>\n<p>JBO Drevenack&nbsp;<\/p>\n<p>Sch\u00fctzenverein Drevenack<\/p>\n<p>Sch\u00fctzenverein Krudenburg<\/p>\n<p>BSV Gartrop<\/p>\n<p>DRK<\/p>\n<p>STV<\/p>\n<p>&nbsp;<\/p>\n","protected":false},"excerpt":{"rendered":"<p>Unser Sch\u00fctzenverein startet um 16:00 Uhr als 2. Zug an der Metzgerei Bellendorf. Mit dabei sind: JBO Drevenack&nbsp; Sch\u00fctzenverein Drevenack Sch\u00fctzenverein Krudenburg BSV Gartrop DRK STV &nbsp;<\/p>\n","protected":false},"author":1,"featured_media":0,"comment_status":"closed","ping_status":"open","sticky":false,"template":"","format":"standard","meta":{"ngg_post_thumbnail":0,"footnotes":""},"categories":[3],"tags":[],"class_list":["post-2284","post","type-post","status-publish","format-standard","hentry","category-news"],"_links":{"self":[{"href":"https:\/\/svdrevenack.de\/index.php?rest_route=\/wp\/v2\/posts\/2284","targetHints":{"allow":["GET"]}}],"collection":[{"href":"https:\/\/svdrevenack.de\/index.php?rest_route=\/wp\/v2\/posts"}],"about":[{"href":"https:\/\/svdrevenack.de\/index.php?rest_route=\/wp\/v2\/types\/post"}],"author":[{"embeddable":true,"href":"https:\/\/svdrevenack.de\/index.php?rest_route=\/wp\/v2\/users\/1"}],"replies":[{"embeddable":true,"href":"https:\/\/svdrevenack.de\/index.php?rest_route=%2Fwp%2Fv2%2Fcomments&post=2284"}],"version-history":[{"count":1,"href":"https:\/\/svdrevenack.de\/index.php?rest_route=\/wp\/v2\/posts\/2284\/revisions"}],"predecessor-version":[{"id":2285,"href":"https:\/\/svdrevenack.de\/index.php?rest_route=\/wp\/v2\/posts\/2284\/revisions\/2285"}],"wp:attachment":[{"href":"https:\/\/svdrevenack.de\/index.php?rest_route=%2Fwp%2Fv2%2Fmedia&parent=2284"}],"wp:term":[{"taxonomy":"category","embeddable":true,"href":"https:\/\/svdrevenack.de\/index.php?rest_route=%2Fwp%2Fv2%2Fcategories&post=2284"},{"taxonomy":"post_tag","embeddable":true,"href":"https:\/\/svdrevenack.de\/index.php?rest_route=%2Fwp%2Fv2%2Ftags&post=2284"}],"curies":[{"name":"wp","href":"https:\/\/api.w.org\/{rel}","templated":true}]}}