{"id":2313,"date":"2022-09-04T13:46:26","date_gmt":"2022-09-04T11:46:26","guid":{"rendered":"https:\/\/svdrevenack.de\/?p=2313"},"modified":"2022-09-04T13:46:26","modified_gmt":"2022-09-04T11:46:26","slug":"ergebnisse-des-preis-und-pokalschiessens-22","status":"publish","type":"post","link":"https:\/\/svdrevenack.de\/?p=2313","title":{"rendered":"Ergebnisse des Preis- und Pokalschie\u00dfens 22"},"content":{"rendered":"<div class=\"m8h3af8h l7ghb35v kjdc1dyq kmwttqpk gh25dzvf n3t5jt4f\">\n<div dir=\"auto\" style=\"text-align: center;\">Gestern haben wir an unserem Sch\u00fctzenhaus das Preis- und Pokalschie\u00dfen durchgef\u00fchrt.<\/div>\n<div dir=\"auto\" style=\"text-align: center;\">&nbsp;<\/div>\n<div dir=\"auto\" style=\"text-align: center;\">Nachdem die Sch\u00fctzen einigerma\u00dfen zahlreich an der Gastst\u00e4tte Alt- Peddenberg angetreten waren, marschierten wir mit Begleitung des Tambourcorps Drevenack zum Sch\u00fctzenhaus. Dort wurden bei sch\u00f6nem Wetter die Pokale auf dem Kleinkaliber-Schie\u00dfstand ausgeschossen.<\/div>\n<div dir=\"auto\" style=\"text-align: center;\">&nbsp;<\/div>\n<\/div>\n<div class=\"l7ghb35v kjdc1dyq kmwttqpk gh25dzvf jikcssrz n3t5jt4f\" style=\"text-align: center;\">\n<div dir=\"auto\">Die Pokale wurden in unterschiedlichen Kategorien vergeben.<\/div>\n<\/div>\n<div class=\"l7ghb35v kjdc1dyq kmwttqpk gh25dzvf jikcssrz n3t5jt4f\" style=\"text-align: center;\">\n<div dir=\"auto\">Nach einigen Stechen standen folgende Sieger fest:<\/div>\n<div dir=\"auto\">&nbsp;<\/div>\n<\/div>\n<div class=\"l7ghb35v kjdc1dyq kmwttqpk gh25dzvf jikcssrz n3t5jt4f\" style=\"text-align: center;\">\n<div dir=\"auto\"><strong>Jugend unter 18 Jahre: Elias Rittmann<\/strong><\/div>\n<div dir=\"auto\">&nbsp;<\/div>\n<\/div>\n<div class=\"l7ghb35v kjdc1dyq kmwttqpk gh25dzvf jikcssrz n3t5jt4f\" style=\"text-align: center;\">\n<div dir=\"auto\"><strong>Jungsch\u00fctzen 18-30 Jahre: Luca van Rissenbeck<\/strong><\/div>\n<div dir=\"auto\">&nbsp;<\/div>\n<\/div>\n<div class=\"l7ghb35v kjdc1dyq kmwttqpk gh25dzvf jikcssrz n3t5jt4f\" style=\"text-align: center;\">\n<div dir=\"auto\"><strong>Sch\u00fctzen 31-50 Jahre: Tobias Fritsch<\/strong><\/div>\n<div dir=\"auto\">&nbsp;<\/div>\n<\/div>\n<div class=\"l7ghb35v kjdc1dyq kmwttqpk gh25dzvf jikcssrz n3t5jt4f\" style=\"text-align: center;\">\n<div dir=\"auto\"><strong>Sch\u00fctzen 51 und \u00c4lter: Gerhard Unterloh<\/strong><\/div>\n<div dir=\"auto\">&nbsp;<\/div>\n<\/div>\n<div class=\"l7ghb35v kjdc1dyq kmwttqpk gh25dzvf jikcssrz n3t5jt4f\" style=\"text-align: center;\">\n<div dir=\"auto\"><strong>Damen Sportsch\u00fctzen: Tatjana Rittmann<\/strong><\/div>\n<div dir=\"auto\">&nbsp;<\/div>\n<\/div>\n<div class=\"l7ghb35v kjdc1dyq kmwttqpk gh25dzvf jikcssrz n3t5jt4f\" style=\"text-align: center;\">\n<div dir=\"auto\"><strong>Damen Allgemein: Tanja Winterboer<\/strong><\/div>\n<div dir=\"auto\">&nbsp;<\/div>\n<\/div>\n<div class=\"l7ghb35v kjdc1dyq kmwttqpk gh25dzvf jikcssrz n3t5jt4f\" style=\"text-align: center;\">\n<div dir=\"auto\">Zus\u00e4tzlich wurde noch der Alte Damenpokal unter den Siegerinnen der letzten 5 Jahre ausgeschossen. Hier konnte Wilfriede Schulte-Bunert das beste Ergebnis erzielen und den Pokal nun f\u00fcr immer mit nach Hause nehmen.<\/div>\n<div dir=\"auto\">&nbsp;<\/div>\n<\/div>\n<div class=\"l7ghb35v kjdc1dyq kmwttqpk gh25dzvf jikcssrz n3t5jt4f\" style=\"text-align: center;\">\n<div dir=\"auto\">Als besonderen Bonus wurden auch noch einige Spa\u00dfpokale vergeben.<\/div>\n<div dir=\"auto\">Hier konnten folgende Sch\u00fctzen f\u00fcr ihr K\u00f6nnen, bzw. nicht K\u00f6nnen geehrt werden:<\/div>\n<div dir=\"auto\">&nbsp;<\/div>\n<\/div>\n<div class=\"l7ghb35v kjdc1dyq kmwttqpk gh25dzvf jikcssrz n3t5jt4f\" style=\"text-align: center;\">\n<div dir=\"auto\"><strong>Schlechtester Jungsch\u00fctze: Patrick Wenzel<\/strong><\/div>\n<div dir=\"auto\">&nbsp;<\/div>\n<\/div>\n<div class=\"l7ghb35v kjdc1dyq kmwttqpk gh25dzvf jikcssrz n3t5jt4f\" style=\"text-align: center;\">\n<div dir=\"auto\"><strong>Arschpokal f\u00fcr das schlechteste Ergebnis: Ingo Dames<\/strong><\/div>\n<div dir=\"auto\">&nbsp;<\/div>\n<\/div>\n<div class=\"l7ghb35v kjdc1dyq kmwttqpk gh25dzvf jikcssrz n3t5jt4f\" style=\"text-align: center;\">\n<div dir=\"auto\"><strong>Schnappszahlpokal: Ralf Westarp.<\/strong><\/div>\n<div dir=\"auto\">&nbsp;<\/div>\n<\/div>\n<div class=\"l7ghb35v kjdc1dyq kmwttqpk gh25dzvf jikcssrz n3t5jt4f\" style=\"text-align: center;\">\n<div dir=\"auto\">Weiterhin wurden an diesem Tag noch einige Mitglieder f\u00fcr ihre langj\u00e4hrige Vereinszugeh\u00f6rigkeit geehrt.<\/div>\n<div dir=\"auto\">&nbsp;<\/div>\n<\/div>\n<div class=\"l7ghb35v kjdc1dyq kmwttqpk gh25dzvf jikcssrz n3t5jt4f\" style=\"text-align: center;\">\n<div dir=\"auto\">Diese waren:<\/div>\n<div dir=\"auto\"><strong>J\u00f6rg Schulte und Horst Voetee f\u00fcr 25 j\u00e4hrige Mitgliedschaft<\/strong>,<\/div>\n<div dir=\"auto\">&nbsp;<\/div>\n<\/div>\n<div class=\"l7ghb35v kjdc1dyq kmwttqpk gh25dzvf jikcssrz n3t5jt4f\" style=\"text-align: center;\">\n<div dir=\"auto\"><strong>Heinrich Gollnick und J\u00fcrgen Lange f\u00fcr 50 j\u00e4hrige Mitgliedschaft.<\/strong><\/div>\n<div dir=\"auto\">&nbsp;<\/div>\n<\/div>\n<div class=\"l7ghb35v kjdc1dyq kmwttqpk gh25dzvf jikcssrz n3t5jt4f\" style=\"text-align: center;\">\n<div dir=\"auto\">Allen Jubilaren und Pokalgewinnern noch einmal einen herzlichen Gl\u00fcckwunsch.<\/div>\n<\/div>\n<div class=\"l7ghb35v kjdc1dyq kmwttqpk gh25dzvf jikcssrz n3t5jt4f\">\n<div dir=\"auto\" style=\"text-align: center;\">Bei leckerem Grillgut und k\u00fchlen Getr\u00e4nken lief der Abend dann in gem\u00fctlicher Runde aus.<\/div>\n<\/div>\n<div dir=\"auto\"><img fetchpriority=\"high\" decoding=\"async\" class=\"aligncenter size-large wp-image-2314\" src=\"https:\/\/svdrevenack.de\/wp-content\/uploads\/2022\/09\/IMG_1529-1024x768.jpg\" alt=\"\" width=\"860\" height=\"645\" srcset=\"https:\/\/svdrevenack.de\/wp-content\/uploads\/2022\/09\/IMG_1529-1024x768.jpg 1024w, https:\/\/svdrevenack.de\/wp-content\/uploads\/2022\/09\/IMG_1529-300x225.jpg 300w, https:\/\/svdrevenack.de\/wp-content\/uploads\/2022\/09\/IMG_1529-768x576.jpg 768w, https:\/\/svdrevenack.de\/wp-content\/uploads\/2022\/09\/IMG_1529-1536x1152.jpg 1536w, https:\/\/svdrevenack.de\/wp-content\/uploads\/2022\/09\/IMG_1529-2048x1536.jpg 2048w\" sizes=\"(max-width: 860px) 100vw, 860px\" \/> <img decoding=\"async\" class=\"aligncenter size-large wp-image-2315\" src=\"https:\/\/svdrevenack.de\/wp-content\/uploads\/2022\/09\/IMG_1488-1024x768.jpg\" alt=\"\" width=\"860\" height=\"645\" srcset=\"https:\/\/svdrevenack.de\/wp-content\/uploads\/2022\/09\/IMG_1488-1024x768.jpg 1024w, https:\/\/svdrevenack.de\/wp-content\/uploads\/2022\/09\/IMG_1488-300x225.jpg 300w, https:\/\/svdrevenack.de\/wp-content\/uploads\/2022\/09\/IMG_1488-768x576.jpg 768w, https:\/\/svdrevenack.de\/wp-content\/uploads\/2022\/09\/IMG_1488-1536x1152.jpg 1536w, https:\/\/svdrevenack.de\/wp-content\/uploads\/2022\/09\/IMG_1488-2048x1536.jpg 2048w\" sizes=\"(max-width: 860px) 100vw, 860px\" \/> <img decoding=\"async\" class=\"aligncenter size-large wp-image-2316\" src=\"https:\/\/svdrevenack.de\/wp-content\/uploads\/2022\/09\/77884e14-a2a3-477c-ba58-5b2d06f9f77a-1024x768.jpg\" alt=\"\" width=\"860\" height=\"645\" srcset=\"https:\/\/svdrevenack.de\/wp-content\/uploads\/2022\/09\/77884e14-a2a3-477c-ba58-5b2d06f9f77a-1024x768.jpg 1024w, https:\/\/svdrevenack.de\/wp-content\/uploads\/2022\/09\/77884e14-a2a3-477c-ba58-5b2d06f9f77a-300x225.jpg 300w, https:\/\/svdrevenack.de\/wp-content\/uploads\/2022\/09\/77884e14-a2a3-477c-ba58-5b2d06f9f77a-768x576.jpg 768w, https:\/\/svdrevenack.de\/wp-content\/uploads\/2022\/09\/77884e14-a2a3-477c-ba58-5b2d06f9f77a-1536x1152.jpg 1536w, https:\/\/svdrevenack.de\/wp-content\/uploads\/2022\/09\/77884e14-a2a3-477c-ba58-5b2d06f9f77a.jpg 2048w\" sizes=\"(max-width: 860px) 100vw, 860px\" \/><\/div>\n","protected":false},"excerpt":{"rendered":"<p>Gestern haben wir an unserem Sch\u00fctzenhaus das Preis- und Pokalschie\u00dfen durchgef\u00fchrt. &nbsp; Nachdem die Sch\u00fctzen einigerma\u00dfen zahlreich an der Gastst\u00e4tte Alt- Peddenberg angetreten waren, marschierten wir mit Begleitung des Tambourcorps Drevenack zum Sch\u00fctzenhaus. Dort wurden bei sch\u00f6nem Wetter die Pokale auf dem Kleinkaliber-Schie\u00dfstand ausgeschossen. &nbsp; Die Pokale wurden in unterschiedlichen Kategorien vergeben. Nach einigen Stechen standen folgende Sieger fest: &nbsp;<\/p>\n","protected":false},"author":1,"featured_media":0,"comment_status":"closed","ping_status":"open","sticky":false,"template":"","format":"standard","meta":{"ngg_post_thumbnail":0,"footnotes":""},"categories":[3],"tags":[208],"class_list":["post-2313","post","type-post","status-publish","format-standard","hentry","category-news","tag-pokalschiessen"],"_links":{"self":[{"href":"https:\/\/svdrevenack.de\/index.php?rest_route=\/wp\/v2\/posts\/2313","targetHints":{"allow":["GET"]}}],"collection":[{"href":"https:\/\/svdrevenack.de\/index.php?rest_route=\/wp\/v2\/posts"}],"about":[{"href":"https:\/\/svdrevenack.de\/index.php?rest_route=\/wp\/v2\/types\/post"}],"author":[{"embeddable":true,"href":"https:\/\/svdrevenack.de\/index.php?rest_route=\/wp\/v2\/users\/1"}],"replies":[{"embeddable":true,"href":"https:\/\/svdrevenack.de\/index.php?rest_route=%2Fwp%2Fv2%2Fcomments&post=2313"}],"version-history":[{"count":1,"href":"https:\/\/svdrevenack.de\/index.php?rest_route=\/wp\/v2\/posts\/2313\/revisions"}],"predecessor-version":[{"id":2317,"href":"https:\/\/svdrevenack.de\/index.php?rest_route=\/wp\/v2\/posts\/2313\/revisions\/2317"}],"wp:attachment":[{"href":"https:\/\/svdrevenack.de\/index.php?rest_route=%2Fwp%2Fv2%2Fmedia&parent=2313"}],"wp:term":[{"taxonomy":"category","embeddable":true,"href":"https:\/\/svdrevenack.de\/index.php?rest_route=%2Fwp%2Fv2%2Fcategories&post=2313"},{"taxonomy":"post_tag","embeddable":true,"href":"https:\/\/svdrevenack.de\/index.php?rest_route=%2Fwp%2Fv2%2Ftags&post=2313"}],"curies":[{"name":"wp","href":"https:\/\/api.w.org\/{rel}","templated":true}]}}