{"id":2466,"date":"2023-05-06T17:28:04","date_gmt":"2023-05-06T15:28:04","guid":{"rendered":"https:\/\/svdrevenack.de\/?p=2466"},"modified":"2023-05-08T15:01:20","modified_gmt":"2023-05-08T13:01:20","slug":"kinderthron-und-sieger-pokalschiessen-2","status":"publish","type":"post","link":"https:\/\/svdrevenack.de\/?p=2466","title":{"rendered":"Kinderthron und Sieger Pokalschiessen"},"content":{"rendered":"<p>Das K\u00f6nigschie\u00dfen steht vor der T\u00fcr und wir m\u00f6chten es nicht vers\u00e4umen unser Kinderthron und die Sieger der Pokalschie\u00dfen nochmal vorzustellen.<\/p>\n<p>Unser Kinderthron setzt sich wie folgt zusammen:<\/p>\n<p>Kinderk\u00f6nig: Luca Fischer mit Mia R\u00fchl<\/p>\n<p>1.Thronpaar: Ben Otto mit Zoe Fischer<br \/>\n2.Thronpaar: Henrik Sander mit Lisa Oberhauser<br \/>\n3.Thronpaar: Florian Tilp und Katharina Tilp<\/p>\n<p>&nbsp;<\/p>\n<div id=\"attachment_2454\" style=\"width: 914px\" class=\"wp-caption alignnone\"><img fetchpriority=\"high\" decoding=\"async\" aria-describedby=\"caption-attachment-2454\" class=\" wp-image-2454\" src=\"https:\/\/svdrevenack.de\/wp-content\/uploads\/2023\/04\/Kinderthron--300x169.jpg\" alt=\"\" width=\"904\" height=\"509\" srcset=\"https:\/\/svdrevenack.de\/wp-content\/uploads\/2023\/04\/Kinderthron--300x169.jpg 300w, https:\/\/svdrevenack.de\/wp-content\/uploads\/2023\/04\/Kinderthron--1024x576.jpg 1024w, https:\/\/svdrevenack.de\/wp-content\/uploads\/2023\/04\/Kinderthron--768x432.jpg 768w, https:\/\/svdrevenack.de\/wp-content\/uploads\/2023\/04\/Kinderthron--1536x864.jpg 1536w, https:\/\/svdrevenack.de\/wp-content\/uploads\/2023\/04\/Kinderthron--2048x1152.jpg 2048w\" sizes=\"(max-width: 904px) 100vw, 904px\" \/><p id=\"caption-attachment-2454\" class=\"wp-caption-text\">v.l.n.r. Mia R\u00fchl, Luca Fischer, Zoe Fischer, Ben Otto, Lisa Oberhauser, Henrik Sander, Katharina Tilp, Florian Tilp<\/p><\/div>\n<p>&nbsp;<\/p>\n<p>Die Preistr\u00e4ger des Pokalschie\u00dfens vom Tag der offenen T\u00fcr sind folgende:<\/p>\n<p>&nbsp;<\/p>\n<p>G\u00e4stepokal<\/p>\n<ol>\n<li>Platz: Anke Oberhauser<\/li>\n<\/ol>\n<p>Preisschie\u00dfen M\u00e4dchen bis 8 Jahre<\/p>\n<ol>\n<li>Platz: Lisa Steinbach<\/li>\n<\/ol>\n<p>Preisschie\u00dfen Jungen bis 8 Jahre<\/p>\n<ol>\n<li>Platz: Lukas J\u00f6rres<\/li>\n<\/ol>\n<p>Preisschie\u00dfen M\u00e4dchen bis 11 Jahre<\/p>\n<ol>\n<li>Platz: Tamina Br\u00fcggendick<\/li>\n<\/ol>\n<p>Preisschie\u00dfen Jungen bis 11 Jahre<\/p>\n<ol>\n<li>Platz: Felix J\u00f6rres<\/li>\n<\/ol>\n<p>Preisschie\u00dfen M\u00e4dchen bis 14 Jahre<\/p>\n<ol>\n<li>Platz: Dana Hillebrand<\/li>\n<\/ol>\n<p>Preisschie\u00dfen Jungen bis 14 Jahre<\/p>\n<ol>\n<li>Platz: Mattis Stratenwerth<\/li>\n<\/ol>\n<p>&nbsp;<\/p>\n<p>Die Erstplatzierten bekommen jeweils einen Pokal, der am Sonntag Nachmittag auf dem Sch\u00fctzenfest in Drevenack verliehen wird.<\/p>\n<p>&nbsp;<\/p>\n<p>Allen Siegern und Siegerinnen Herzlichen Gl\u00fcckwunsch!<\/p>\n","protected":false},"excerpt":{"rendered":"<p>Das K\u00f6nigschie\u00dfen steht vor der T\u00fcr und wir m\u00f6chten es nicht vers\u00e4umen unser Kinderthron und die Sieger der Pokalschie\u00dfen nochmal vorzustellen. Unser Kinderthron setzt sich wie folgt zusammen: Kinderk\u00f6nig: Luca Fischer mit Mia R\u00fchl 1.Thronpaar: Ben Otto mit Zoe Fischer 2.Thronpaar: Henrik Sander mit Lisa Oberhauser 3.Thronpaar: Florian Tilp und Katharina Tilp &nbsp; &nbsp; Die Preistr\u00e4ger des Pokalschie\u00dfens vom Tag<\/p>\n","protected":false},"author":6,"featured_media":0,"comment_status":"closed","ping_status":"open","sticky":false,"template":"","format":"standard","meta":{"ngg_post_thumbnail":0,"footnotes":""},"categories":[3],"tags":[],"class_list":["post-2466","post","type-post","status-publish","format-standard","hentry","category-news"],"_links":{"self":[{"href":"https:\/\/svdrevenack.de\/index.php?rest_route=\/wp\/v2\/posts\/2466","targetHints":{"allow":["GET"]}}],"collection":[{"href":"https:\/\/svdrevenack.de\/index.php?rest_route=\/wp\/v2\/posts"}],"about":[{"href":"https:\/\/svdrevenack.de\/index.php?rest_route=\/wp\/v2\/types\/post"}],"author":[{"embeddable":true,"href":"https:\/\/svdrevenack.de\/index.php?rest_route=\/wp\/v2\/users\/6"}],"replies":[{"embeddable":true,"href":"https:\/\/svdrevenack.de\/index.php?rest_route=%2Fwp%2Fv2%2Fcomments&post=2466"}],"version-history":[{"count":5,"href":"https:\/\/svdrevenack.de\/index.php?rest_route=\/wp\/v2\/posts\/2466\/revisions"}],"predecessor-version":[{"id":2482,"href":"https:\/\/svdrevenack.de\/index.php?rest_route=\/wp\/v2\/posts\/2466\/revisions\/2482"}],"wp:attachment":[{"href":"https:\/\/svdrevenack.de\/index.php?rest_route=%2Fwp%2Fv2%2Fmedia&parent=2466"}],"wp:term":[{"taxonomy":"category","embeddable":true,"href":"https:\/\/svdrevenack.de\/index.php?rest_route=%2Fwp%2Fv2%2Fcategories&post=2466"},{"taxonomy":"post_tag","embeddable":true,"href":"https:\/\/svdrevenack.de\/index.php?rest_route=%2Fwp%2Fv2%2Ftags&post=2466"}],"curies":[{"name":"wp","href":"https:\/\/api.w.org\/{rel}","templated":true}]}}