{"id":2503,"date":"2023-06-13T22:09:23","date_gmt":"2023-06-13T20:09:23","guid":{"rendered":"https:\/\/svdrevenack.de\/?p=2503"},"modified":"2023-06-13T22:09:23","modified_gmt":"2023-06-13T20:09:23","slug":"aufhaengen-der-kinderkoenigscheibe","status":"publish","type":"post","link":"https:\/\/svdrevenack.de\/?p=2503","title":{"rendered":"Aufh\u00e4ngen der Kinderk\u00f6nigscheibe"},"content":{"rendered":"<p><img fetchpriority=\"high\" decoding=\"async\" class=\"wp-image-2506 aligncenter\" src=\"https:\/\/svdrevenack.de\/wp-content\/uploads\/2023\/06\/Kinderkoenigscheibe-225x300.jpeg\" alt=\"\" width=\"721\" height=\"961\" srcset=\"https:\/\/svdrevenack.de\/wp-content\/uploads\/2023\/06\/Kinderkoenigscheibe-225x300.jpeg 225w, https:\/\/svdrevenack.de\/wp-content\/uploads\/2023\/06\/Kinderkoenigscheibe-768x1025.jpeg 768w, https:\/\/svdrevenack.de\/wp-content\/uploads\/2023\/06\/Kinderkoenigscheibe.jpeg 1132w\" sizes=\"(max-width: 721px) 100vw, 721px\" \/><\/p>\n<p><strong>Kinderk\u00f6nigsscheibe an der &#8222;Kinderk\u00f6nigsburg&#8220; aufgeh\u00e4ngt.<\/strong><br \/>\nBegleitet vom K\u00f6nigspaar Friedhelm und Juliane Joormann sowie dem Vorstand wurde Luca Fischer als neuer Kinderk\u00f6nig nochmals gefeiert und bei strahlendem Wetter wurde die Scheibe aufgeh\u00e4ngt. Ein stolzer Moment f\u00fcr die Familie Fischer und der Gemeinschaft von Drevenack. Luca wird nun noch circa ein Jahr lang, bis zum n\u00e4chsten Kinderk\u00f6nigschie\u00dfen, als Kinderk\u00f6nig regieren. Die Aufgehangene Scheibe ziert nicht nur die neue &#8222;Kinderk\u00f6nigsburg&#8220;, sondern symbolisiert auch den Stolz und die Freude, die Drevenack f\u00fcr seine talentierten Kinder empfindet. Ein unvergesslicher Tag, welcher Luca und Drevenack in Erinnerung bleiben wird.<\/p>\n","protected":false},"excerpt":{"rendered":"<p>Kinderk\u00f6nigsscheibe an der &#8222;Kinderk\u00f6nigsburg&#8220; aufgeh\u00e4ngt. Begleitet vom K\u00f6nigspaar Friedhelm und Juliane Joormann sowie dem Vorstand wurde Luca Fischer als neuer Kinderk\u00f6nig nochmals gefeiert und bei strahlendem Wetter wurde die Scheibe aufgeh\u00e4ngt. Ein stolzer Moment f\u00fcr die Familie Fischer und der Gemeinschaft von Drevenack. Luca wird nun noch circa ein Jahr lang, bis zum n\u00e4chsten Kinderk\u00f6nigschie\u00dfen, als Kinderk\u00f6nig regieren. Die Aufgehangene<\/p>\n","protected":false},"author":6,"featured_media":0,"comment_status":"closed","ping_status":"open","sticky":false,"template":"","format":"standard","meta":{"ngg_post_thumbnail":0,"footnotes":""},"categories":[3],"tags":[],"class_list":["post-2503","post","type-post","status-publish","format-standard","hentry","category-news"],"_links":{"self":[{"href":"https:\/\/svdrevenack.de\/index.php?rest_route=\/wp\/v2\/posts\/2503","targetHints":{"allow":["GET"]}}],"collection":[{"href":"https:\/\/svdrevenack.de\/index.php?rest_route=\/wp\/v2\/posts"}],"about":[{"href":"https:\/\/svdrevenack.de\/index.php?rest_route=\/wp\/v2\/types\/post"}],"author":[{"embeddable":true,"href":"https:\/\/svdrevenack.de\/index.php?rest_route=\/wp\/v2\/users\/6"}],"replies":[{"embeddable":true,"href":"https:\/\/svdrevenack.de\/index.php?rest_route=%2Fwp%2Fv2%2Fcomments&post=2503"}],"version-history":[{"count":6,"href":"https:\/\/svdrevenack.de\/index.php?rest_route=\/wp\/v2\/posts\/2503\/revisions"}],"predecessor-version":[{"id":2512,"href":"https:\/\/svdrevenack.de\/index.php?rest_route=\/wp\/v2\/posts\/2503\/revisions\/2512"}],"wp:attachment":[{"href":"https:\/\/svdrevenack.de\/index.php?rest_route=%2Fwp%2Fv2%2Fmedia&parent=2503"}],"wp:term":[{"taxonomy":"category","embeddable":true,"href":"https:\/\/svdrevenack.de\/index.php?rest_route=%2Fwp%2Fv2%2Fcategories&post=2503"},{"taxonomy":"post_tag","embeddable":true,"href":"https:\/\/svdrevenack.de\/index.php?rest_route=%2Fwp%2Fv2%2Ftags&post=2503"}],"curies":[{"name":"wp","href":"https:\/\/api.w.org\/{rel}","templated":true}]}}