{"id":2537,"date":"2023-09-05T18:03:50","date_gmt":"2023-09-05T16:03:50","guid":{"rendered":"https:\/\/svdrevenack.de\/?p=2537"},"modified":"2023-09-05T18:03:50","modified_gmt":"2023-09-05T16:03:50","slug":"ergebnisse-preisschiessen-2023","status":"publish","type":"post","link":"https:\/\/svdrevenack.de\/?p=2537","title":{"rendered":"Ergebnisse Preisschie\u00dfen 2023"},"content":{"rendered":"<p><img fetchpriority=\"high\" decoding=\"async\" class=\"alignnone  wp-image-2539\" src=\"https:\/\/svdrevenack.de\/wp-content\/uploads\/2023\/09\/Gruppenbild-300x178.jpg\" alt=\"\" width=\"1306\" height=\"775\" srcset=\"https:\/\/svdrevenack.de\/wp-content\/uploads\/2023\/09\/Gruppenbild-300x178.jpg 300w, https:\/\/svdrevenack.de\/wp-content\/uploads\/2023\/09\/Gruppenbild-1024x608.jpg 1024w, https:\/\/svdrevenack.de\/wp-content\/uploads\/2023\/09\/Gruppenbild-768x456.jpg 768w, https:\/\/svdrevenack.de\/wp-content\/uploads\/2023\/09\/Gruppenbild-1536x912.jpg 1536w, https:\/\/svdrevenack.de\/wp-content\/uploads\/2023\/09\/Gruppenbild.jpg 1920w\" sizes=\"(max-width: 1306px) 100vw, 1306px\" \/><\/p>\n<p>Am Samstag, den 2. September 2023, versammelten sich die Sch\u00fctzen des Sch\u00fctzenvereins Drevenack an der Gastst\u00e4tte Alt-Peddenberg,<br \/>\num am traditionellen Preis- und Pokalschie\u00dfen teilzunehmen.<br \/>\nGemeinsam mit dem Tambourcorps Drevenack marschierten sie bei strahlendem Wetter zum Sch\u00fctzenhaus am Buschweg.<\/p>\n<p>Auf dem Kleinkaliber-Schie\u00dfstand wurden die begehrten Pokale in verschiedenen Kategorien ausgeschossen.<br \/>\nNach spannenden Wettk\u00e4mpfen und Stechen konnten die folgenden Sch\u00fctzen ihre Erfolge feiern:<\/p>\n<p>Jugend unter 18 Jahre: Christian Hille<br \/>\nJungsch\u00fctzen 18-30 Jahre: Robin Mundl<br \/>\nSch\u00fctzen 31-50 Jahre: Mark Sondermann<br \/>\nSch\u00fctzen 51 und \u00c4lter: Ludger Hutmacher<br \/>\nDamen Sportsch\u00fctzen: Natascha Karstaedt<br \/>\nDamen Allgemein: Antje Schr\u00f6der<\/p>\n<p>Zus\u00e4tzlich wurden noch 2 Pokal ausgeschossen unter den Gewinnern der letzten 5 Jahre, diese d\u00fcrfen die Pokale nun behalten und f\u00fcr immer als Andenken behalten.<br \/>\nDer Pokal der Sch\u00fctzen 31-50 ging an Tobias Fritsch, sowie der Pokal der Sch\u00fctzen 51 und \u00c4lter an Helmut Oberhauser.<\/p>\n<p>Neben den hoch angesehenen Pokalen, die beim diesj\u00e4hrigen Preis- und Pokalschie\u00dfen des Sch\u00fctzenvereins Drevenack vergeben wurden,<br \/>\ngab es wie in jedem Jahr auch die Spa\u00dfpokale. Diese besonderen Auszeichnungen sorgten f\u00fcr Heiterkeit und waren bei den Sch\u00fctzen ebenso begehrt wie humorvoll umk\u00e4mpft.<br \/>\nF\u00fcr ihre herausragenden Leistungen \u2013 oder auch die weniger glanzvollen Momente \u2013 wurden folgende Sch\u00fctzen geehrt:<\/p>\n<p>Schlechtester Jungsch\u00fctze: Andr\u00e9 H\u00fcfing<br \/>\nArschpokal f\u00fcr das schlechteste Ergebnis: J\u00fcrgen Meyer<br \/>\nSchnapszahlpokal: Norbert Vorholt<\/p>\n<p>&nbsp;<\/p>\n<p>Ein weiters Highlight des Abends war auch die feierliche \u00dcbergabe der Nadeln,<br \/>\ndie beim Jux-Vogelschie\u00dfen \u00fcber mehrere Abende hinweg beim &#8222;Offenen Sch\u00fctzenhaus&#8220; ausgeschossen wurden.<br \/>\nDiejenigen Sch\u00fctzen, die ihre Geschicklichkeit und Treffsicherheit bei diesem unterhaltsamen Wettbewerb unter Beweis gestellt hatten, wurden mit diesen besonderen Nadeln ausgezeichnet.<\/p>\n<p><img decoding=\"async\" class=\"alignnone  wp-image-2538\" src=\"https:\/\/svdrevenack.de\/wp-content\/uploads\/2023\/09\/Gewinner-Nadeln-Jux-Vogelschiessen-300x200.jpg\" alt=\"\" width=\"1457\" height=\"971\" srcset=\"https:\/\/svdrevenack.de\/wp-content\/uploads\/2023\/09\/Gewinner-Nadeln-Jux-Vogelschiessen-300x200.jpg 300w, https:\/\/svdrevenack.de\/wp-content\/uploads\/2023\/09\/Gewinner-Nadeln-Jux-Vogelschiessen-1024x683.jpg 1024w, https:\/\/svdrevenack.de\/wp-content\/uploads\/2023\/09\/Gewinner-Nadeln-Jux-Vogelschiessen-768x512.jpg 768w, https:\/\/svdrevenack.de\/wp-content\/uploads\/2023\/09\/Gewinner-Nadeln-Jux-Vogelschiessen-1536x1024.jpg 1536w, https:\/\/svdrevenack.de\/wp-content\/uploads\/2023\/09\/Gewinner-Nadeln-Jux-Vogelschiessen.jpg 1920w\" sizes=\"(max-width: 1457px) 100vw, 1457px\" \/><\/p>\n<p>Wir gratulieren allen Gewinnern und freuen uns auf n\u00e4chstes Jahr<\/p>\n","protected":false},"excerpt":{"rendered":"<p>Am Samstag, den 2. September 2023, versammelten sich die Sch\u00fctzen des Sch\u00fctzenvereins Drevenack an der Gastst\u00e4tte Alt-Peddenberg, um am traditionellen Preis- und Pokalschie\u00dfen teilzunehmen. Gemeinsam mit dem Tambourcorps Drevenack marschierten sie bei strahlendem Wetter zum Sch\u00fctzenhaus am Buschweg. Auf dem Kleinkaliber-Schie\u00dfstand wurden die begehrten Pokale in verschiedenen Kategorien ausgeschossen. Nach spannenden Wettk\u00e4mpfen und Stechen konnten die folgenden Sch\u00fctzen ihre Erfolge<\/p>\n","protected":false},"author":6,"featured_media":0,"comment_status":"closed","ping_status":"open","sticky":false,"template":"","format":"standard","meta":{"ngg_post_thumbnail":0,"footnotes":""},"categories":[3],"tags":[],"class_list":["post-2537","post","type-post","status-publish","format-standard","hentry","category-news"],"_links":{"self":[{"href":"https:\/\/svdrevenack.de\/index.php?rest_route=\/wp\/v2\/posts\/2537","targetHints":{"allow":["GET"]}}],"collection":[{"href":"https:\/\/svdrevenack.de\/index.php?rest_route=\/wp\/v2\/posts"}],"about":[{"href":"https:\/\/svdrevenack.de\/index.php?rest_route=\/wp\/v2\/types\/post"}],"author":[{"embeddable":true,"href":"https:\/\/svdrevenack.de\/index.php?rest_route=\/wp\/v2\/users\/6"}],"replies":[{"embeddable":true,"href":"https:\/\/svdrevenack.de\/index.php?rest_route=%2Fwp%2Fv2%2Fcomments&post=2537"}],"version-history":[{"count":1,"href":"https:\/\/svdrevenack.de\/index.php?rest_route=\/wp\/v2\/posts\/2537\/revisions"}],"predecessor-version":[{"id":2540,"href":"https:\/\/svdrevenack.de\/index.php?rest_route=\/wp\/v2\/posts\/2537\/revisions\/2540"}],"wp:attachment":[{"href":"https:\/\/svdrevenack.de\/index.php?rest_route=%2Fwp%2Fv2%2Fmedia&parent=2537"}],"wp:term":[{"taxonomy":"category","embeddable":true,"href":"https:\/\/svdrevenack.de\/index.php?rest_route=%2Fwp%2Fv2%2Fcategories&post=2537"},{"taxonomy":"post_tag","embeddable":true,"href":"https:\/\/svdrevenack.de\/index.php?rest_route=%2Fwp%2Fv2%2Ftags&post=2537"}],"curies":[{"name":"wp","href":"https:\/\/api.w.org\/{rel}","templated":true}]}}