{"id":2552,"date":"2023-11-02T08:24:10","date_gmt":"2023-11-02T07:24:10","guid":{"rendered":"https:\/\/svdrevenack.de\/?p=2552"},"modified":"2023-11-02T08:24:10","modified_gmt":"2023-11-02T07:24:10","slug":"spannung-und-leidenschaft-beim-luftpistolen-wettkampf-in-drevenack","status":"publish","type":"post","link":"https:\/\/svdrevenack.de\/?p=2552","title":{"rendered":"Spannung und Leidenschaft beim Luftpistolen-Wettkampf in Drevenack"},"content":{"rendered":"<p><img fetchpriority=\"high\" decoding=\"async\" class=\"alignnone  wp-image-2553\" src=\"https:\/\/svdrevenack.de\/wp-content\/uploads\/2023\/11\/Mannschaftsfoto-300x200.jpg\" alt=\"\" width=\"1238\" height=\"825\" srcset=\"https:\/\/svdrevenack.de\/wp-content\/uploads\/2023\/11\/Mannschaftsfoto-300x200.jpg 300w, https:\/\/svdrevenack.de\/wp-content\/uploads\/2023\/11\/Mannschaftsfoto-1024x683.jpg 1024w, https:\/\/svdrevenack.de\/wp-content\/uploads\/2023\/11\/Mannschaftsfoto-768x512.jpg 768w, https:\/\/svdrevenack.de\/wp-content\/uploads\/2023\/11\/Mannschaftsfoto-1536x1024.jpg 1536w, https:\/\/svdrevenack.de\/wp-content\/uploads\/2023\/11\/Mannschaftsfoto.jpg 1920w\" sizes=\"(max-width: 1238px) 100vw, 1238px\" \/> <strong>Drevenack 29.10.2023<\/strong> \u2013 Am vergangenen Sonntag versammelten sich Sch\u00fctzen und Zuschauer im Drevenacker Sch\u00fctzenhaus, um die zweite Runde der Luftpistole Landesoberliga abzuhalten. Die vier teilnehmenden Mannschaften, bestehend aus BSV 1882 Osterfeld, SSGem Emmerich-Rees, SC Tell Schmalbroich sowie dem gastgebenden SV Drevenack 1788, trafen p\u00fcnktlich im Sch\u00fctzenhaus ein und nach kurzem warmmachen ging es auch schon los.<\/p>\n<p>In der ersten Runde des Wettkampfs standen sich Drevenack und Schmalbroich gegen\u00fcber, und es entwickelte sich ein spannendes Duell. Letztendlich verlor Drevenack nach einem nervenaufreibenden Stechen knapp mit einem Ergebnis von 2:3 zu Gunsten von Schmalbroich.<br \/>\nDie zweite Runde brachte Emmerich-Rees und Osterfeld zusammen, und Emmerich \u00fcberzeugte mit einer beeindruckenden Leistung, die in einem klaren 4:1-Sieg resultierte. Das Stechen sorgte auch hier nochmal f\u00fcr zus\u00e4tzliche Spannung.<\/p>\n<p><img decoding=\"async\" class=\"alignnone  wp-image-2555\" src=\"https:\/\/svdrevenack.de\/wp-content\/uploads\/2023\/11\/Warmmachen-erste-Runde-300x200.jpg\" alt=\"\" width=\"1179\" height=\"786\" srcset=\"https:\/\/svdrevenack.de\/wp-content\/uploads\/2023\/11\/Warmmachen-erste-Runde-300x200.jpg 300w, https:\/\/svdrevenack.de\/wp-content\/uploads\/2023\/11\/Warmmachen-erste-Runde-1024x683.jpg 1024w, https:\/\/svdrevenack.de\/wp-content\/uploads\/2023\/11\/Warmmachen-erste-Runde-768x512.jpg 768w, https:\/\/svdrevenack.de\/wp-content\/uploads\/2023\/11\/Warmmachen-erste-Runde-1536x1024.jpg 1536w, https:\/\/svdrevenack.de\/wp-content\/uploads\/2023\/11\/Warmmachen-erste-Runde.jpg 1920w\" sizes=\"(max-width: 1179px) 100vw, 1179px\" \/><br \/>\nIn der dritten Runde trafen Schmalbroich und Osterfeld aufeinander, wobei Schmalbroich sich knapp mit einem Ergebnis von 3:2 gegen Osterfeld behauptete.<br \/>\nDie vierte und letzten Runde brachte Drevenack und Emmerich wieder auf den Schie\u00dfstand, und Drevenack zeigte eine beeindruckende Leistung, die in einem souver\u00e4nen 4:1-Sieg gegen Emmerich gipfelte.<br \/>\nGeschossen wurde in 4 S\u00e4tze \u00e1 10 Schuss, wof\u00fcr die Sch\u00fctzen etwas mehr als eine Dreiviertelstunde Zeit haben. Die Gesamtergebnisse der Runden wurden aus den Siegen in den Duellen ermittelt, wobei f\u00fcr die Tabellensituation vor allem die Mannschaftssiege von Bedeutung sind.<\/p>\n<p><img decoding=\"async\" class=\"alignnone  wp-image-2554\" src=\"https:\/\/svdrevenack.de\/wp-content\/uploads\/2023\/11\/Rote-Laterne--300x200.jpg\" alt=\"\" width=\"1169\" height=\"779\" srcset=\"https:\/\/svdrevenack.de\/wp-content\/uploads\/2023\/11\/Rote-Laterne--300x200.jpg 300w, https:\/\/svdrevenack.de\/wp-content\/uploads\/2023\/11\/Rote-Laterne--1024x683.jpg 1024w, https:\/\/svdrevenack.de\/wp-content\/uploads\/2023\/11\/Rote-Laterne--768x512.jpg 768w, https:\/\/svdrevenack.de\/wp-content\/uploads\/2023\/11\/Rote-Laterne--1536x1024.jpg 1536w, https:\/\/svdrevenack.de\/wp-content\/uploads\/2023\/11\/Rote-Laterne-.jpg 1920w\" sizes=\"(max-width: 1169px) 100vw, 1169px\" \/><\/p>\n<p>Ein humorvoller H\u00f6hepunkt war die interne Verleihung der &#8222;Roten Laterne&#8220; an Michael Meyer als den Sch\u00fctzen mit den wenigsten Punkten des Tages, diese besondere Auszeichnung dient als humorvoller Ansporn f\u00fcr die Sch\u00fctzen, ihre Leistungen noch weiter zu steigern.<br \/>\nEin weiteres Highlights war die \u00dcbernahme der Moderation durch Natasha Karstaedt, welche mit Professionalit\u00e4t und Enthusiasmus die Veranstaltung durch den Tag f\u00fchrte und f\u00fcr eine lebendige Atmosph\u00e4re sorgte.<\/p>\n<p>Die Veranstaltung war ein voller Erfolg, und der Schie\u00dfsportverein von Drevenack ist stolz auf die Leistungen seiner Mannschaft und freut sich teil dieser spannenden Sportart zu sein. Wir bedanken uns bei allen Teilnehmern und freuen uns auf weitere spannende Wettk\u00e4mpfe in der Landesoberliga. Wir gratulieren den Sch\u00fctzen zu ihren Leistungen und sind gespannt auf kommende Erfolge!<\/p>\n","protected":false},"excerpt":{"rendered":"<p>Drevenack 29.10.2023 \u2013 Am vergangenen Sonntag versammelten sich Sch\u00fctzen und Zuschauer im Drevenacker Sch\u00fctzenhaus, um die zweite Runde der Luftpistole Landesoberliga abzuhalten. Die vier teilnehmenden Mannschaften, bestehend aus BSV 1882 Osterfeld, SSGem Emmerich-Rees, SC Tell Schmalbroich sowie dem gastgebenden SV Drevenack 1788, trafen p\u00fcnktlich im Sch\u00fctzenhaus ein und nach kurzem warmmachen ging es auch schon los. In der ersten Runde<\/p>\n","protected":false},"author":6,"featured_media":0,"comment_status":"closed","ping_status":"open","sticky":false,"template":"","format":"standard","meta":{"ngg_post_thumbnail":0,"footnotes":""},"categories":[3],"tags":[],"class_list":["post-2552","post","type-post","status-publish","format-standard","hentry","category-news"],"_links":{"self":[{"href":"https:\/\/svdrevenack.de\/index.php?rest_route=\/wp\/v2\/posts\/2552","targetHints":{"allow":["GET"]}}],"collection":[{"href":"https:\/\/svdrevenack.de\/index.php?rest_route=\/wp\/v2\/posts"}],"about":[{"href":"https:\/\/svdrevenack.de\/index.php?rest_route=\/wp\/v2\/types\/post"}],"author":[{"embeddable":true,"href":"https:\/\/svdrevenack.de\/index.php?rest_route=\/wp\/v2\/users\/6"}],"replies":[{"embeddable":true,"href":"https:\/\/svdrevenack.de\/index.php?rest_route=%2Fwp%2Fv2%2Fcomments&post=2552"}],"version-history":[{"count":1,"href":"https:\/\/svdrevenack.de\/index.php?rest_route=\/wp\/v2\/posts\/2552\/revisions"}],"predecessor-version":[{"id":2556,"href":"https:\/\/svdrevenack.de\/index.php?rest_route=\/wp\/v2\/posts\/2552\/revisions\/2556"}],"wp:attachment":[{"href":"https:\/\/svdrevenack.de\/index.php?rest_route=%2Fwp%2Fv2%2Fmedia&parent=2552"}],"wp:term":[{"taxonomy":"category","embeddable":true,"href":"https:\/\/svdrevenack.de\/index.php?rest_route=%2Fwp%2Fv2%2Fcategories&post=2552"},{"taxonomy":"post_tag","embeddable":true,"href":"https:\/\/svdrevenack.de\/index.php?rest_route=%2Fwp%2Fv2%2Ftags&post=2552"}],"curies":[{"name":"wp","href":"https:\/\/api.w.org\/{rel}","templated":true}]}}