{"id":2557,"date":"2023-11-06T17:00:32","date_gmt":"2023-11-06T16:00:32","guid":{"rendered":"https:\/\/svdrevenack.de\/?p=2557"},"modified":"2023-11-06T17:00:32","modified_gmt":"2023-11-06T16:00:32","slug":"gemeindepokale-und-er-und-sie-schiessen-in-drevenack","status":"publish","type":"post","link":"https:\/\/svdrevenack.de\/?p=2557","title":{"rendered":"Gemeindepokale und Er und Sie Schie\u00dfen in Drevenack"},"content":{"rendered":"<p><strong>Drevenack, 04. November 2023<\/strong> &#8211; In einer spannenden und gut besuchten Veranstaltung trafen sich am 4. November 2023 die Sch\u00fctzen des SV-Drevenack in ihrem Sch\u00fctzenhaus, um die begehrten Gemeindepokale, sowie die Sieger des \u201eEr und Sie Schie\u00dfen\u201c auszuschie\u00dfen. Bei den Wettk\u00e4mpfen schossen die Teilnehmer jeweils zweimal 5 Schuss auf eine 10er Scheibe mit dem Kleinkalibergewehr liegend oder sitzend auf der 50 Meter Bahn.<\/p>\n<div id=\"attachment_2559\" style=\"width: 1218px\" class=\"wp-caption aligncenter\"><img fetchpriority=\"high\" decoding=\"async\" aria-describedby=\"caption-attachment-2559\" class=\"wp-image-2559\" src=\"https:\/\/svdrevenack.de\/wp-content\/uploads\/2023\/11\/Gemeinde-Pokal-300x225.jpg\" alt=\"\" width=\"1208\" height=\"906\" srcset=\"https:\/\/svdrevenack.de\/wp-content\/uploads\/2023\/11\/Gemeinde-Pokal-300x225.jpg 300w, https:\/\/svdrevenack.de\/wp-content\/uploads\/2023\/11\/Gemeinde-Pokal-1024x768.jpg 1024w, https:\/\/svdrevenack.de\/wp-content\/uploads\/2023\/11\/Gemeinde-Pokal-768x576.jpg 768w, https:\/\/svdrevenack.de\/wp-content\/uploads\/2023\/11\/Gemeinde-Pokal-1536x1152.jpg 1536w, https:\/\/svdrevenack.de\/wp-content\/uploads\/2023\/11\/Gemeinde-Pokal.jpg 2048w\" sizes=\"(max-width: 1208px) 100vw, 1208px\" \/><p id=\"caption-attachment-2559\" class=\"wp-caption-text\">Gewinner Gemeindepokal<\/p><\/div>\n<p>&nbsp;<\/p>\n<p>In den spannenden Wettk\u00e4mpfen um die Gemeindepokale zeigten die Sch\u00fctzen des SV-Drevenack beeindruckende Leistungen. Lars H\u00fcser setzte sich in der Kategorie der Sportsch\u00fctzen mit 94 Ringen an die Spitze, w\u00e4hrend Olaf Klein bei den Sch\u00fctzen mit starken 84 Ringen beeindruckte. Antje Schroeder zeigte hervorragende Treffsicherheit und holte sich den Pokal in der Kategorie Damen mit 82 Ringen. Renate H\u00fcser sicherte sich den Titel in der Kategorie Sportsch\u00fctzendamen mit 46 Ringen. Die offizielle Verleihung der Gemeindepokale wird auf dem Sch\u00fctzenfest im Jahr 2024 stattfinden.<\/p>\n<div id=\"attachment_2558\" style=\"width: 1221px\" class=\"wp-caption aligncenter\"><img decoding=\"async\" aria-describedby=\"caption-attachment-2558\" class=\"wp-image-2558\" src=\"https:\/\/svdrevenack.de\/wp-content\/uploads\/2023\/11\/Er-und-Sie-Schiessen-300x225.jpg\" alt=\"\" width=\"1211\" height=\"908\" srcset=\"https:\/\/svdrevenack.de\/wp-content\/uploads\/2023\/11\/Er-und-Sie-Schiessen-300x225.jpg 300w, https:\/\/svdrevenack.de\/wp-content\/uploads\/2023\/11\/Er-und-Sie-Schiessen-1024x768.jpg 1024w, https:\/\/svdrevenack.de\/wp-content\/uploads\/2023\/11\/Er-und-Sie-Schiessen-768x576.jpg 768w, https:\/\/svdrevenack.de\/wp-content\/uploads\/2023\/11\/Er-und-Sie-Schiessen-1536x1152.jpg 1536w, https:\/\/svdrevenack.de\/wp-content\/uploads\/2023\/11\/Er-und-Sie-Schiessen.jpg 2048w\" sizes=\"(max-width: 1211px) 100vw, 1211px\" \/><p id=\"caption-attachment-2558\" class=\"wp-caption-text\">Gewinner Er und Sie Schie\u00dfen<\/p><\/div>\n<p>&nbsp;<\/p>\n<p>F\u00fcr das Er und Sie Schie\u00dfen war ein zus\u00e4tzliches Element der \u00dcberraschung im Spiel, als unsere Sch\u00fctzenk\u00f6nigin Julianne Joormann per Los ein Siegerpaar bestimmte. Die gl\u00fccklichen Gewinner waren Tobias und Miriam Fritsch, die mit 177 Ringen den ersten Platz eroberten.<br \/>\nDie weiteren Platzierungen wurden in Anlehnung an die N\u00e4he zum Ergebnis des Siegerpaares vergeben, und so kristallisierten sich die Gewinner heraus. Dieter und Gudrun Sondermann sicherten sich den zweiten Platz, gefolgt von Christoph Ufermann und Antje Schroeder, die den dritten Platz belegten. Der Looser-Pokal ging an Reinhard und Isolde Ufermann, die das Ergebnis des Siegerpaares am weitesten verfehlten.<\/p>\n<p>Der gelungene Wettkampfabend klang inmitten angeregter Gespr\u00e4che und bester Stimmung gem\u00fctlich aus. Die Sch\u00fctzen des SV-Drevenack k\u00f6nnen stolz auf ihre Leistungen und den Gemeinschaftssinn sein, der solche Veranstaltungen erst m\u00f6glich macht.<\/p>\n","protected":false},"excerpt":{"rendered":"<p>Drevenack, 04. November 2023 &#8211; In einer spannenden und gut besuchten Veranstaltung trafen sich am 4. November 2023 die Sch\u00fctzen des SV-Drevenack in ihrem Sch\u00fctzenhaus, um die begehrten Gemeindepokale, sowie die Sieger des \u201eEr und Sie Schie\u00dfen\u201c auszuschie\u00dfen. Bei den Wettk\u00e4mpfen schossen die Teilnehmer jeweils zweimal 5 Schuss auf eine 10er Scheibe mit dem Kleinkalibergewehr liegend oder sitzend auf der<\/p>\n","protected":false},"author":6,"featured_media":0,"comment_status":"closed","ping_status":"open","sticky":false,"template":"","format":"standard","meta":{"ngg_post_thumbnail":0,"footnotes":""},"categories":[3],"tags":[],"class_list":["post-2557","post","type-post","status-publish","format-standard","hentry","category-news"],"_links":{"self":[{"href":"https:\/\/svdrevenack.de\/index.php?rest_route=\/wp\/v2\/posts\/2557","targetHints":{"allow":["GET"]}}],"collection":[{"href":"https:\/\/svdrevenack.de\/index.php?rest_route=\/wp\/v2\/posts"}],"about":[{"href":"https:\/\/svdrevenack.de\/index.php?rest_route=\/wp\/v2\/types\/post"}],"author":[{"embeddable":true,"href":"https:\/\/svdrevenack.de\/index.php?rest_route=\/wp\/v2\/users\/6"}],"replies":[{"embeddable":true,"href":"https:\/\/svdrevenack.de\/index.php?rest_route=%2Fwp%2Fv2%2Fcomments&post=2557"}],"version-history":[{"count":4,"href":"https:\/\/svdrevenack.de\/index.php?rest_route=\/wp\/v2\/posts\/2557\/revisions"}],"predecessor-version":[{"id":2563,"href":"https:\/\/svdrevenack.de\/index.php?rest_route=\/wp\/v2\/posts\/2557\/revisions\/2563"}],"wp:attachment":[{"href":"https:\/\/svdrevenack.de\/index.php?rest_route=%2Fwp%2Fv2%2Fmedia&parent=2557"}],"wp:term":[{"taxonomy":"category","embeddable":true,"href":"https:\/\/svdrevenack.de\/index.php?rest_route=%2Fwp%2Fv2%2Fcategories&post=2557"},{"taxonomy":"post_tag","embeddable":true,"href":"https:\/\/svdrevenack.de\/index.php?rest_route=%2Fwp%2Fv2%2Ftags&post=2557"}],"curies":[{"name":"wp","href":"https:\/\/api.w.org\/{rel}","templated":true}]}}