{"id":2587,"date":"2024-01-02T09:21:38","date_gmt":"2024-01-02T08:21:38","guid":{"rendered":"https:\/\/svdrevenack.de\/?p=2587"},"modified":"2024-01-02T09:21:38","modified_gmt":"2024-01-02T08:21:38","slug":"generalversammlung-am-06-januar-2024","status":"publish","type":"post","link":"https:\/\/svdrevenack.de\/?p=2587","title":{"rendered":"GENERALVERSAMMLUNG AM 06. JANUAR 2024"},"content":{"rendered":"<p>Am Samstag, dem 6. Januar 2024 um 20 Uhr, wird die Generalversammlung unseres Sch\u00fctzenvereins im Sch\u00fctzenhaus Drevenack am Buschweg abgehalten.<\/p>\n<p>Neben den herk\u00f6mmlichen Jahresberichten und den Berichten des Pr\u00e4sidenten und Sportwartes stehen auch einige Neuwahlen an.<br \/>\nFolgenden Neuwahlen gem\u00e4\u00df Tagesordnung sind vorgesehen: Kassenwart, Sportwart, Hauptmann der 1. Kompanie, Oberleutnant (Adj. Vom Oberst), Fahnenleutnant, Schirmeister (Trossf\u00fchrer), Revierunteroffizier Revier 1 und 3<\/p>\n<p>Zus\u00e4tzlich sind noch verschiedene Beschl\u00fcsse zu fassen.<\/p>\n<p>Der Vorstand freut sich \u00fcber eine zahlreichen Teilnahme der Mitglieder.<\/p>\n","protected":false},"excerpt":{"rendered":"<p>Am Samstag, dem 6. Januar 2024 um 20 Uhr, wird die Generalversammlung unseres Sch\u00fctzenvereins im Sch\u00fctzenhaus Drevenack am Buschweg abgehalten. Neben den herk\u00f6mmlichen Jahresberichten und den Berichten des Pr\u00e4sidenten und Sportwartes stehen auch einige Neuwahlen an. Folgenden Neuwahlen gem\u00e4\u00df Tagesordnung sind vorgesehen: Kassenwart, Sportwart, Hauptmann der 1. Kompanie, Oberleutnant (Adj. Vom Oberst), Fahnenleutnant, Schirmeister (Trossf\u00fchrer), Revierunteroffizier Revier 1 und 3<\/p>\n","protected":false},"author":6,"featured_media":0,"comment_status":"closed","ping_status":"open","sticky":false,"template":"","format":"standard","meta":{"ngg_post_thumbnail":0,"footnotes":""},"categories":[3],"tags":[],"class_list":["post-2587","post","type-post","status-publish","format-standard","hentry","category-news"],"_links":{"self":[{"href":"https:\/\/svdrevenack.de\/index.php?rest_route=\/wp\/v2\/posts\/2587","targetHints":{"allow":["GET"]}}],"collection":[{"href":"https:\/\/svdrevenack.de\/index.php?rest_route=\/wp\/v2\/posts"}],"about":[{"href":"https:\/\/svdrevenack.de\/index.php?rest_route=\/wp\/v2\/types\/post"}],"author":[{"embeddable":true,"href":"https:\/\/svdrevenack.de\/index.php?rest_route=\/wp\/v2\/users\/6"}],"replies":[{"embeddable":true,"href":"https:\/\/svdrevenack.de\/index.php?rest_route=%2Fwp%2Fv2%2Fcomments&post=2587"}],"version-history":[{"count":1,"href":"https:\/\/svdrevenack.de\/index.php?rest_route=\/wp\/v2\/posts\/2587\/revisions"}],"predecessor-version":[{"id":2588,"href":"https:\/\/svdrevenack.de\/index.php?rest_route=\/wp\/v2\/posts\/2587\/revisions\/2588"}],"wp:attachment":[{"href":"https:\/\/svdrevenack.de\/index.php?rest_route=%2Fwp%2Fv2%2Fmedia&parent=2587"}],"wp:term":[{"taxonomy":"category","embeddable":true,"href":"https:\/\/svdrevenack.de\/index.php?rest_route=%2Fwp%2Fv2%2Fcategories&post=2587"},{"taxonomy":"post_tag","embeddable":true,"href":"https:\/\/svdrevenack.de\/index.php?rest_route=%2Fwp%2Fv2%2Ftags&post=2587"}],"curies":[{"name":"wp","href":"https:\/\/api.w.org\/{rel}","templated":true}]}}