{"id":3021,"date":"2026-04-22T10:14:21","date_gmt":"2026-04-22T08:14:21","guid":{"rendered":"https:\/\/svdrevenack.de\/?p=3021"},"modified":"2026-04-22T10:14:21","modified_gmt":"2026-04-22T08:14:21","slug":"tag-der-offenen-tuer-2026","status":"publish","type":"post","link":"https:\/\/svdrevenack.de\/?p=3021","title":{"rendered":"Tag der offenen T\u00fcr 2026"},"content":{"rendered":"<p data-start=\"0\" data-end=\"356\">\n<p data-start=\"358\" data-end=\"753\"><img fetchpriority=\"high\" decoding=\"async\" class=\"alignnone  wp-image-3024\" src=\"https:\/\/svdrevenack.de\/wp-content\/uploads\/2026\/04\/DSC02045-300x169.jpg\" alt=\"\" width=\"939\" height=\"529\" srcset=\"https:\/\/svdrevenack.de\/wp-content\/uploads\/2026\/04\/DSC02045-300x169.jpg 300w, https:\/\/svdrevenack.de\/wp-content\/uploads\/2026\/04\/DSC02045-1024x576.jpg 1024w, https:\/\/svdrevenack.de\/wp-content\/uploads\/2026\/04\/DSC02045-768x432.jpg 768w, https:\/\/svdrevenack.de\/wp-content\/uploads\/2026\/04\/DSC02045-1536x865.jpg 1536w, https:\/\/svdrevenack.de\/wp-content\/uploads\/2026\/04\/DSC02045-2048x1153.jpg 2048w\" sizes=\"(max-width: 939px) 100vw, 939px\" \/><\/p>\n<p data-start=\"0\" data-end=\"356\">Am Samstag, den 18. April 2026, lud das Sch\u00fctzenhaus in Drevenack erneut zum Tag der offenen T\u00fcr ein. Zahlreiche G\u00e4ste folgten der Einladung und erlebten ein abwechslungsreiches Programm rund um den Schie\u00dfsport und die Vereinsgemeinschaft. Besonders im Fokus stand dabei das traditionelle Kinderk\u00f6nigschie\u00dfen, das f\u00fcr viel Spannung und Begeisterung sorgte.<\/p>\n<p data-start=\"358\" data-end=\"753\">Kinder im Alter von 8 bis 14 Jahren hatten die M\u00f6glichkeit, ihr Geschick mit der Armbrust unter Beweis zu stellen. Nach einem spannenden Wettbewerb konnte sich schlie\u00dflich Klara Fritsch durchsetzen und wurde zur neuen Kinderk\u00f6nigin gekr\u00f6nt. Als ihren K\u00f6nig w\u00e4hlte sie Tim Westarp. Gemeinsam repr\u00e4sentieren sie nun den neuen Kinderthron und treten die Nachfolge des letztj\u00e4hrigen K\u00f6nigspaares an.<\/p>\n<p data-start=\"358\" data-end=\"753\">\n<p data-start=\"755\" data-end=\"1112\">Als 1. Thronpaar stehen Paula Meyering und Mika Behring an der Seite des K\u00f6nigspaares. Das 2. Thronpaar bilden Allison Jauer und Greta Fritsch, w\u00e4hrend Lotta Uferkamp und Leonard Ende als 3. Thronpaar komplettieren. Dem gesamten Kinderthron w\u00fcnschen wir eine ereignisreiche und sch\u00f6ne Regentschaft.<\/p>\n<p data-start=\"1114\" data-end=\"1430\">Beim parallel stattfindenden Preisschie\u00dfen wurde ebenfalls mit gro\u00dfem Ehrgeiz um die besten Ergebnisse gerungen. In der Kategorie der Jungen gewannen in der Altersklasse 6\u20138 Jahre Tim Westarp, bei den 9\u201311-J\u00e4hrigen Lukas J\u00f6rres, in der Gruppe 12\u201314 Jahre Leonard Hille und in der Altersklasse 15+ Carsten Triebsees.<\/p>\n<p data-start=\"1432\" data-end=\"1693\">Bei den M\u00e4dchen setzten sich in den jeweiligen Altersklassen Greta Sondermann (6\u20138 Jahre), Jenna Westarp (9\u201311 Jahre), Zoe Bieker (12\u201314 Jahre) sowie Andrea Ende (15+) durch. Allen Gewinnerinnen und Gewinnern gilt ein herzlicher Gl\u00fcckwunsch zu ihren Leistungen.<\/p>\n<p data-start=\"1695\" data-end=\"2039\">Neben den sportlichen Wettbewerben wurde den jungen Besucherinnen und Besuchern ein buntes Rahmenprogramm geboten. Spiel- und Spa\u00dfangebote sorgten ebenso f\u00fcr Unterhaltung wie verschiedene Verpflegungsst\u00e4nde, die keine W\u00fcnsche offenlie\u00dfen. Der Tag klang in geselliger Atmosph\u00e4re aus und hinterlie\u00df bei allen Beteiligten viele positive Eindr\u00fccke.<\/p>\n<p data-start=\"2041\" data-end=\"2214\" data-is-last-node=\"\" data-is-only-node=\"\">Insgesamt war es eine rundum gelungene Veranstaltung, die einmal mehr zeigte, wie lebendig die Vereinsarbeit ist. Die Vorfreude auf das kommende Jahr ist bereits jetzt gro\u00df.<\/p>\n","protected":false},"excerpt":{"rendered":"<p>Am Samstag, den 18. April 2026, lud das Sch\u00fctzenhaus in Drevenack erneut zum Tag der offenen T\u00fcr ein. Zahlreiche G\u00e4ste folgten der Einladung und erlebten ein abwechslungsreiches Programm rund um den Schie\u00dfsport und die Vereinsgemeinschaft. Besonders im Fokus stand dabei das traditionelle Kinderk\u00f6nigschie\u00dfen, das f\u00fcr viel Spannung und Begeisterung sorgte. Kinder im Alter von 8 bis 14 Jahren hatten die<\/p>\n","protected":false},"author":6,"featured_media":0,"comment_status":"closed","ping_status":"open","sticky":false,"template":"","format":"standard","meta":{"ngg_post_thumbnail":0,"footnotes":""},"categories":[3],"tags":[],"class_list":["post-3021","post","type-post","status-publish","format-standard","hentry","category-news"],"_links":{"self":[{"href":"https:\/\/svdrevenack.de\/index.php?rest_route=\/wp\/v2\/posts\/3021","targetHints":{"allow":["GET"]}}],"collection":[{"href":"https:\/\/svdrevenack.de\/index.php?rest_route=\/wp\/v2\/posts"}],"about":[{"href":"https:\/\/svdrevenack.de\/index.php?rest_route=\/wp\/v2\/types\/post"}],"author":[{"embeddable":true,"href":"https:\/\/svdrevenack.de\/index.php?rest_route=\/wp\/v2\/users\/6"}],"replies":[{"embeddable":true,"href":"https:\/\/svdrevenack.de\/index.php?rest_route=%2Fwp%2Fv2%2Fcomments&post=3021"}],"version-history":[{"count":3,"href":"https:\/\/svdrevenack.de\/index.php?rest_route=\/wp\/v2\/posts\/3021\/revisions"}],"predecessor-version":[{"id":3026,"href":"https:\/\/svdrevenack.de\/index.php?rest_route=\/wp\/v2\/posts\/3021\/revisions\/3026"}],"wp:attachment":[{"href":"https:\/\/svdrevenack.de\/index.php?rest_route=%2Fwp%2Fv2%2Fmedia&parent=3021"}],"wp:term":[{"taxonomy":"category","embeddable":true,"href":"https:\/\/svdrevenack.de\/index.php?rest_route=%2Fwp%2Fv2%2Fcategories&post=3021"},{"taxonomy":"post_tag","embeddable":true,"href":"https:\/\/svdrevenack.de\/index.php?rest_route=%2Fwp%2Fv2%2Ftags&post=3021"}],"curies":[{"name":"wp","href":"https:\/\/api.w.org\/{rel}","templated":true}]}}